{"id":55342,"date":"2022-12-21T22:16:48","date_gmt":"2022-12-22T01:16:48","guid":{"rendered":"https:\/\/vocesparalelas.com.ar\/sitio\/?p=55342"},"modified":"2022-12-25T12:41:01","modified_gmt":"2022-12-25T15:41:01","slug":"inscripciones-vacacionarte-2023-en-el-mpbafr","status":"publish","type":"post","link":"https:\/\/vocesparalelas.com.ar\/sitio\/inscripciones-vacacionarte-2023-en-el-mpbafr\/","title":{"rendered":"Inscripciones \u00abVacacionarte 2023\u00bb en el MPBAFR"},"content":{"rendered":"<div class=\"itemFullText\">\n<p>En su edici\u00f3n 2023,\u00a0Vacacionarte, del Museo Provincial de Bellas Artes Franklin Rawson, que inicia el 30 de Enero y se extiende hasta el 24 de Febrero de 2023. La colonia de arte\u00a0funciona de lunes a viernes de 10 a 12 hs y est\u00e1 destinada a interesados de 6 a 17 a\u00f1os de edad.<\/p>\n<p>La preinscripci\u00f3n se realiza el Jueves, 22 de Diciembre de 2022, a las 20 hs, en la web del MPBAFR <a href=\"http:\/\/www.museofranklinrawson.org\/\">www.museofranklinrawson.org<\/a>\u00a0, hasta completar cupos por grupos de edad.<\/p>\n<p>El valor de la inscripci\u00f3n es de 1000 pesos y se hace efectiva una vez que los interesados abonen de manera presencial en recepci\u00f3n del museo, el 27; el 28 y el 29 de Diciembre de 2022 y del 3 al 6 de Enero de 2023, de 12:30 a 20:30hs.<\/p>\n<p>Vacacionarte se realiza desde 2009 con una gran concurrencia de ni\u00f1os, ni\u00f1as y adolescentes durante el receso escolar de verano. Se enmarca en la modalidad de educaci\u00f3n no formal y su objetivo principal es fomentar una visi\u00f3n m\u00e1s amplia del arte, de sus distintos lenguajes, de las diversas formas de expresi\u00f3n y de realizaci\u00f3n.<\/p>\n<p>El museo es una plataforma de experimentaci\u00f3n que invita de manera permanente a crear v\u00ednculos, no solo de ense\u00f1anza, sino de fortalecimiento y apropiaci\u00f3n respecto de su patrimonio. Desde temprana edad se trata de sensibilizar a ni\u00f1os, ni\u00f1as y adolescentes sobre los diversos modos de interpretar, reflexionar y actuar junto al arte. Su opini\u00f3n y expresi\u00f3n es vital para el crecimiento de la instituci\u00f3n a la hora de dise\u00f1ar talleres y actividades.<\/p>\n<p>Los participantes de Vacacionarte son motivados a disfrutar del arte y la creatividad, rodeados de obras originales en un espacio que los incluye, fomentando as\u00ed el sentido de pertenencia al museo. La din\u00e1mica consiste en dividir en grupos seg\u00fan las edades de los asistentes, con el fin de lograr una experiencia personalizada que cumpla con el objetivo de cada taller. Al transcurrir cada semana, los participantes rotar\u00e1n por todos los talleres.<\/p>\n<p>Los ni\u00f1os participantes se organizan en grupos por edad y en cada jornada son parte de actividades tales como\u00a0danza, pintura, yoga, escultura, producci\u00f3n audiovisual, escultura y t\u00e9cnicas de impresi\u00f3n,\u00a0entre otras.\u00a0Este verano\u00a0se trabajar\u00e1 en relaci\u00f3n a la colecci\u00f3n y a las muestras temporales actuales.<\/p>\n<p>Los grupos de trabajo se distribuyen en diversos espacios del Museo, dispuestos para tal fin y se proveer\u00e1 de los materiales necesarios para el desarrollo de los talleres.<\/p>\n<p>&nbsp;<\/p>\n<p>Publicado el Mi\u00e9rcoles, 21 de Diciembre de 2022<\/p>\n<\/div>\n","protected":false},"excerpt":{"rendered":"<p>En su edici\u00f3n 2023,\u00a0Vacacionarte, del Museo Provincial de Bellas Artes Franklin Rawson, que inicia el 30 de Enero y se<\/p>\n","protected":false},"author":3,"featured_media":34190,"comment_status":"closed","ping_status":"closed","sticky":false,"template":"","format":"standard","meta":{"_acf_changed":false,"_seopress_robots_primary_cat":"none","_seopress_titles_title":"","_seopress_titles_desc":"","_seopress_robots_index":"","colormag_page_container_layout":"default_layout","colormag_page_sidebar_layout":"default_layout","footnotes":""},"categories":[2],"tags":[],"class_list":["post-55342","post","type-post","status-publish","format-standard","has-post-thumbnail","hentry","category-convocatorias"],"acf":[],"_links":{"self":[{"href":"https:\/\/vocesparalelas.com.ar\/sitio\/wp-json\/wp\/v2\/posts\/55342","targetHints":{"allow":["GET"]}}],"collection":[{"href":"https:\/\/vocesparalelas.com.ar\/sitio\/wp-json\/wp\/v2\/posts"}],"about":[{"href":"https:\/\/vocesparalelas.com.ar\/sitio\/wp-json\/wp\/v2\/types\/post"}],"author":[{"embeddable":true,"href":"https:\/\/vocesparalelas.com.ar\/sitio\/wp-json\/wp\/v2\/users\/3"}],"replies":[{"embeddable":true,"href":"https:\/\/vocesparalelas.com.ar\/sitio\/wp-json\/wp\/v2\/comments?post=55342"}],"version-history":[{"count":1,"href":"https:\/\/vocesparalelas.com.ar\/sitio\/wp-json\/wp\/v2\/posts\/55342\/revisions"}],"predecessor-version":[{"id":55344,"href":"https:\/\/vocesparalelas.com.ar\/sitio\/wp-json\/wp\/v2\/posts\/55342\/revisions\/55344"}],"wp:featuredmedia":[{"embeddable":true,"href":"https:\/\/vocesparalelas.com.ar\/sitio\/wp-json\/wp\/v2\/media\/34190"}],"wp:attachment":[{"href":"https:\/\/vocesparalelas.com.ar\/sitio\/wp-json\/wp\/v2\/media?parent=55342"}],"wp:term":[{"taxonomy":"category","embeddable":true,"href":"https:\/\/vocesparalelas.com.ar\/sitio\/wp-json\/wp\/v2\/categories?post=55342"},{"taxonomy":"post_tag","embeddable":true,"href":"https:\/\/vocesparalelas.com.ar\/sitio\/wp-json\/wp\/v2\/tags?post=55342"}],"curies":[{"name":"wp","href":"https:\/\/api.w.org\/{rel}","templated":true}]}}