{"id":55323,"date":"2022-12-21T23:16:56","date_gmt":"2022-12-22T02:16:56","guid":{"rendered":"https:\/\/vocesparalelas.com.ar\/sitio\/?p=55323"},"modified":"2022-12-25T13:16:56","modified_gmt":"2022-12-25T16:16:56","slug":"reinauguracion-del-complejo-natatorio-de-la-unsj-en-el-palomar","status":"publish","type":"post","link":"https:\/\/vocesparalelas.com.ar\/sitio\/reinauguracion-del-complejo-natatorio-de-la-unsj-en-el-palomar\/","title":{"rendered":"Reinauguraci\u00f3n\u00a0 del Complejo Natatorio de la UNSJ en El Palomar"},"content":{"rendered":"<p>Dentro del plan de obras de la Secretar\u00eda de Bienestar Universitario de la Universidad Nacional de San Juan, en el que el natatorio cerrado ya tuvo su parte siendo totalmente renovado, le toc\u00f3 el turno a la pileta abierta del Complejo Deportivo N\u00ba1 El Palomar, una de las m\u00e1s grandes de la provincia.<\/p>\n<p>Se descubri\u00f3 la placa que es testigo de la reinauguraci\u00f3n\u00a0 del Complejo\u00a0 Natatorio de la UNSJ en El Palomar.<\/p>\n<p><img loading=\"lazy\" decoding=\"async\" class=\"alignnone size-full wp-image-55330\" src=\"https:\/\/vocesparalelas.com.ar\/sitio\/wp-content\/uploads\/2022\/12\/UNSJ-PILETAS-06.jpg\" alt=\"\" width=\"800\" height=\"533\" srcset=\"https:\/\/vocesparalelas.com.ar\/sitio\/wp-content\/uploads\/2022\/12\/UNSJ-PILETAS-06.jpg 800w, https:\/\/vocesparalelas.com.ar\/sitio\/wp-content\/uploads\/2022\/12\/UNSJ-PILETAS-06-300x200.jpg 300w, https:\/\/vocesparalelas.com.ar\/sitio\/wp-content\/uploads\/2022\/12\/UNSJ-PILETAS-06-768x512.jpg 768w\" sizes=\"auto, (max-width: 800px) 100vw, 800px\" \/> <img loading=\"lazy\" decoding=\"async\" class=\"alignnone size-full wp-image-55329\" src=\"https:\/\/vocesparalelas.com.ar\/sitio\/wp-content\/uploads\/2022\/12\/UNSJ-PILETAS-05.jpg\" alt=\"\" width=\"800\" height=\"533\" srcset=\"https:\/\/vocesparalelas.com.ar\/sitio\/wp-content\/uploads\/2022\/12\/UNSJ-PILETAS-05.jpg 800w, https:\/\/vocesparalelas.com.ar\/sitio\/wp-content\/uploads\/2022\/12\/UNSJ-PILETAS-05-300x200.jpg 300w, https:\/\/vocesparalelas.com.ar\/sitio\/wp-content\/uploads\/2022\/12\/UNSJ-PILETAS-05-768x512.jpg 768w\" sizes=\"auto, (max-width: 800px) 100vw, 800px\" \/><\/p>\n<p>Enel primer d\u00eda de verano en San Juan, fueron oficialmente inauguradas estas piletas de la Universidad Nacional de San Juan. El acto cont\u00f3 con la presencia de la vicerrectora de la UNSJ, Dra. Anal\u00eda Ponce, y dem\u00e1s autoridades de esta Universidad y de sus Unidades Acad\u00e9micas.<\/p>\n<p><img loading=\"lazy\" decoding=\"async\" class=\"alignnone size-full wp-image-55326\" src=\"https:\/\/vocesparalelas.com.ar\/sitio\/wp-content\/uploads\/2022\/12\/UNSJ-PILETAS-02.jpg\" alt=\"\" width=\"800\" height=\"533\" srcset=\"https:\/\/vocesparalelas.com.ar\/sitio\/wp-content\/uploads\/2022\/12\/UNSJ-PILETAS-02.jpg 800w, https:\/\/vocesparalelas.com.ar\/sitio\/wp-content\/uploads\/2022\/12\/UNSJ-PILETAS-02-300x200.jpg 300w, https:\/\/vocesparalelas.com.ar\/sitio\/wp-content\/uploads\/2022\/12\/UNSJ-PILETAS-02-768x512.jpg 768w\" sizes=\"auto, (max-width: 800px) 100vw, 800px\" \/><\/p>\n<p>Por ello, Voces Paralelas desarroll\u00f3 la entrevista period\u00edstica a secretario de Bienestar Universitario, Dr. Lucas Molina Rojo, quien describi\u00f3 el trabajo que se realiz\u00f3 y salud\u00f3 a la comunidad universitaria para que disfrute la propuesta para el verano 2022 &#8211; 2023.<\/p>\n<p><iframe loading=\"lazy\" title=\"UNSJ DR LUCAS MOLINA\" width=\"800\" height=\"450\" src=\"https:\/\/www.youtube.com\/embed\/NRCQOgRDuTA?start=11&#038;feature=oembed\" frameborder=\"0\" allow=\"accelerometer; autoplay; clipboard-write; encrypted-media; gyroscope; picture-in-picture\" allowfullscreen><\/iframe><\/p>\n<p>Luego, a la Vicerrectora de la UNSJ, Dra. Anal\u00eda Ponce, quien puntualiz\u00f3 pensando el trabajo para beneficiar a la comunidad universitaria para que disfrute en familia.<\/p>\n<p>&nbsp;<\/p>\n<p><iframe loading=\"lazy\" title=\"UNSJ VICERRECTORA DRA. ANALIA PONCE\" width=\"800\" height=\"450\" src=\"https:\/\/www.youtube.com\/embed\/yOslw4wUnTE?feature=oembed\" frameborder=\"0\" allow=\"accelerometer; autoplay; clipboard-write; encrypted-media; gyroscope; picture-in-picture\" allowfullscreen><\/iframe><\/p>\n<p>&nbsp;<\/p>\n<p>Es importante destacar que el rector de las UNSJ, Ing. Tadeo Berenguer se encuentra en Buenos Aires haciendo gestiones para la obras en la Universidad para firmar con el Ministro de Educaci\u00f3n de la Naci\u00f3n, Lic. Jaime Perczyk y el Secretario de Pol\u00edticas Universitarias, CPN Oscar Alpa para la firma de convenios por la suma de 724 millones de pesos en parte destinada a la ampliaci\u00f3n de la Facultad de Arquitectura,<\/p>\n<p>Durante el acto el Director General de Deportes y Recreaci\u00f3n de la UNSJ, Lic. Jorge Rivero destac\u00f3 el trabajo que se realiz\u00f3 en el predio de EL Palomar de la UNSJ para poner a punto las piletas de nataci\u00f3n.<\/p>\n<p><iframe loading=\"lazy\" title=\"UNSJ LIC. JORGE RIVERO\" width=\"800\" height=\"450\" src=\"https:\/\/www.youtube.com\/embed\/0FFdQ42vJzo?feature=oembed\" frameborder=\"0\" allow=\"accelerometer; autoplay; clipboard-write; encrypted-media; gyroscope; picture-in-picture\" allowfullscreen><\/iframe><\/p>\n<p><strong><span style=\"color: #0000ff;\">Trabajo de Obra de las piletas<\/span><\/strong><\/p>\n<p>Durante aproximadamente tres meses, los trabajos se centraron en realizar un revestimiento 100 por ciento nuevo, renovar las juntas de dilataci\u00f3n y hacer un servicio completo de filtros. Adem\u00e1s, cabe destacar que fueron selladas las grietas de la pileta de verano y se coloc\u00f3 una capa de material impermeabilizante, lo que permite que despu\u00e9s de d\u00e9cadas se evite el derroche de agua.<\/p>\n<p>Esta obra se suma a las tantas que ten\u00eda pendiente la UNSJ sobre su Complejo Universitario, tanto en lo deportivo como en los servicios generales.<\/p>\n<p>Ya se realizaron mejoras en el Gimnasio Ambrosini con nuevas luminarias, nuevas pantallas gigantes y nuevo techo gimnasio de musculaci\u00f3n. Al natatorio climatizado se le coloc\u00f3 el nuevo cielo raso, nuevos filtros, ba\u00f1os y duchas y ductos de aire; se coloc\u00f3 nueva luminaria exterior, se trabaja en la recuperaci\u00f3n de espacios verdes y nuevos parrilleros, y en la pintura de la Residencia Universitaria, cuyo exterior ya qued\u00f3 completamente terminado.<\/p>\n<p>Adem\u00e1s, el equipo de Waterpolo de la UNSJ hizo un precalentamiento<\/p>\n<p><iframe loading=\"lazy\" title=\"UNSJ WATERPOLO\" width=\"800\" height=\"450\" src=\"https:\/\/www.youtube.com\/embed\/tqxQj4YCkZg?feature=oembed\" frameborder=\"0\" allow=\"accelerometer; autoplay; clipboard-write; encrypted-media; gyroscope; picture-in-picture\" allowfullscreen><\/iframe><\/p>\n<p>Posteriormente, desarroll\u00f3 un partido para atraer gente para que se sume a la pr\u00e1ctica del deporte en la UNSJ.<\/p>\n<p><iframe loading=\"lazy\" title=\"UNSJ WATERPOLO\" width=\"800\" height=\"450\" src=\"https:\/\/www.youtube.com\/embed\/pqDfLXk5o3g?feature=oembed\" frameborder=\"0\" allow=\"accelerometer; autoplay; clipboard-write; encrypted-media; gyroscope; picture-in-picture\" allowfullscreen><\/iframe><\/p>\n<p>Fue un momento muy emotivo con la presencia de las colonias de vacaciones que se desarrollan en El Palomar.<\/p>\n<p><img loading=\"lazy\" decoding=\"async\" class=\"alignnone size-full wp-image-55327\" src=\"https:\/\/vocesparalelas.com.ar\/sitio\/wp-content\/uploads\/2022\/12\/UNSJ-PILETAS-03.jpg\" alt=\"\" width=\"800\" height=\"533\" srcset=\"https:\/\/vocesparalelas.com.ar\/sitio\/wp-content\/uploads\/2022\/12\/UNSJ-PILETAS-03.jpg 800w, https:\/\/vocesparalelas.com.ar\/sitio\/wp-content\/uploads\/2022\/12\/UNSJ-PILETAS-03-300x200.jpg 300w, https:\/\/vocesparalelas.com.ar\/sitio\/wp-content\/uploads\/2022\/12\/UNSJ-PILETAS-03-768x512.jpg 768w\" sizes=\"auto, (max-width: 800px) 100vw, 800px\" \/><\/p>\n<p>Publicado el Mi\u00e9rcoles, 21 de Diciembre de 2022<\/p>\n","protected":false},"excerpt":{"rendered":"<p>Dentro del plan de obras de la Secretar\u00eda de Bienestar Universitario de la Universidad Nacional de San Juan, en el<\/p>\n","protected":false},"author":3,"featured_media":55325,"comment_status":"closed","ping_status":"closed","sticky":false,"template":"","format":"video","meta":{"_acf_changed":false,"_seopress_robots_primary_cat":"none","_seopress_titles_title":"","_seopress_titles_desc":"","_seopress_robots_index":"","colormag_page_container_layout":"default_layout","colormag_page_sidebar_layout":"default_layout","footnotes":""},"categories":[10,7],"tags":[],"class_list":["post-55323","post","type-post","status-publish","format-video","has-post-thumbnail","hentry","category-opiniones","category-videos","post_format-post-format-video"],"acf":[],"_links":{"self":[{"href":"https:\/\/vocesparalelas.com.ar\/sitio\/wp-json\/wp\/v2\/posts\/55323","targetHints":{"allow":["GET"]}}],"collection":[{"href":"https:\/\/vocesparalelas.com.ar\/sitio\/wp-json\/wp\/v2\/posts"}],"about":[{"href":"https:\/\/vocesparalelas.com.ar\/sitio\/wp-json\/wp\/v2\/types\/post"}],"author":[{"embeddable":true,"href":"https:\/\/vocesparalelas.com.ar\/sitio\/wp-json\/wp\/v2\/users\/3"}],"replies":[{"embeddable":true,"href":"https:\/\/vocesparalelas.com.ar\/sitio\/wp-json\/wp\/v2\/comments?post=55323"}],"version-history":[{"count":1,"href":"https:\/\/vocesparalelas.com.ar\/sitio\/wp-json\/wp\/v2\/posts\/55323\/revisions"}],"predecessor-version":[{"id":55331,"href":"https:\/\/vocesparalelas.com.ar\/sitio\/wp-json\/wp\/v2\/posts\/55323\/revisions\/55331"}],"wp:featuredmedia":[{"embeddable":true,"href":"https:\/\/vocesparalelas.com.ar\/sitio\/wp-json\/wp\/v2\/media\/55325"}],"wp:attachment":[{"href":"https:\/\/vocesparalelas.com.ar\/sitio\/wp-json\/wp\/v2\/media?parent=55323"}],"wp:term":[{"taxonomy":"category","embeddable":true,"href":"https:\/\/vocesparalelas.com.ar\/sitio\/wp-json\/wp\/v2\/categories?post=55323"},{"taxonomy":"post_tag","embeddable":true,"href":"https:\/\/vocesparalelas.com.ar\/sitio\/wp-json\/wp\/v2\/tags?post=55323"}],"curies":[{"name":"wp","href":"https:\/\/api.w.org\/{rel}","templated":true}]}}