{"id":55304,"date":"2022-12-25T11:40:43","date_gmt":"2022-12-25T14:40:43","guid":{"rendered":"https:\/\/vocesparalelas.com.ar\/sitio\/?p=55304"},"modified":"2022-12-28T01:30:15","modified_gmt":"2022-12-28T04:30:15","slug":"oferta-turistica-de-san-juan-durante-las-vacaciones-de-verano-2023","status":"publish","type":"post","link":"https:\/\/vocesparalelas.com.ar\/sitio\/oferta-turistica-de-san-juan-durante-las-vacaciones-de-verano-2023\/","title":{"rendered":"Oferta tur\u00edstica de San Juan durante las Vacaciones de Verano 2023"},"content":{"rendered":"<div class=\"itemFullText\"><\/div>\n<div class=\"clr\">El agua, el sol, el aire libre y las monta\u00f1as se convierten en interesantes opciones para renovar las energ\u00edas en San Juan durante las Vacaciones de Verano 2023. Con estos ingredientes infaltables para comenzar un a\u00f1o renovado<strong>, <\/strong>los turistas y sanjuaninos tienen la posibilidad de pasar una temporada \u00fanica y disfrutar a pleno la provincia.<\/div>\n<div>\n<p>El 2023 trae eventos tur\u00edsticos imperdibles para todo p\u00fablico. En lo que refiere al ciclismo, desde el 4 al 9 de Enero de 2023, llega la 21\u00b0 edici\u00f3n Giro del Sol, mientras que del 22 al 29 del mismo mes tiene lugar la 39\u00b0 Vuelta Internacional de San Juan.<\/p>\n<p>Despu\u00e9s de vivir la Copa del Mundo, un evento imperdible de f\u00fatbol llega al Estadio San Juan del Bicentenario. Se trata del Torneo de Verano AFA en Enero, donde se realiza un triangular en el que participan dos grandes argentinos y uno de Chile: Boca, Independiente y Colo Colo.<\/p>\n<p>Por su parte, los corredores pueden sumarse a la Marat\u00f3n Internacional de Vicu\u00f1a a Rodeo que se desarrolla el 5 de Febrero en Valle F\u00e9rtil, departamento que tambi\u00e9n brinda el curso al Safari tras las Sierras. En este marco deportivo que atrae participantes de todo el pa\u00eds, el dique de Iglesia es el escenario de Cuesta del Viento Big Air a partir del 13 hasta el 21 de Febrero.<\/p>\n<\/div>\n<p>La \u00faltima semana de Febrero, San Juan vivir una nueva edici\u00f3n de la Fiesta Nacional del Sol en el Costanera Complejo Ferial. A partir del 21 de Febrero, el predio en el Departamento Chimbas abre sus puertas para disfrutar de artistas locales y nacionales, propuestas gastron\u00f3micas, el Carrusel 2023 y un impactante espect\u00e1culo final que deslumbra con la gran puesta art\u00edstica, son algunos de los atractivos de la celebraci\u00f3n local.<\/p>\n<p>La provincia tambi\u00e9n cuenta con fiestas departamentales como la Semilla y la Manzana el 20 y 21 de Enero en el Departamento Iglesia y la de Albard\u00f3n, el \u00faltimo fin de semana de enero. Tambi\u00e9n la Fiesta Nacional de las Destrezas Criollas y el Folclore que tendr\u00e1 lugar en el Predio Gaucho Jos\u00e9 Dolores el 4 y 5 de febrero y la Fiesta Nacional de la Uva y el Vino en el Departamento Caucete. Por su parte, 25 de Mayo y Ullum llevan adelante la Fiesta del Racimo y el Vino y la Fiesta Ullum y su Espejo, respectivamente.<\/p>\n<p>A estas fechas que incluye el comienzo del calendario 2023, se suman otras actividades organizadas por el Ministerio de Turismo y Cultura, municipios y prestadores locales. Las Rutas del Vino, del Olivo, de la Cerveza y del Cielo; el turismo cultural y el rural; la aventura; la naturaleza y la gastronom\u00eda local son las principales propuestas que dan origen a las\u00a0distintas y variadas actividades para disfrutar el verano en San Juan.<\/p>\n<div class=\"itemFullText\">\n<p>Para conocer cada una de las propuestas, los interesados pueden acceder a<\/p>\n<p><a href=\"http:\/\/sanjuan.tur.ar\">http:\/\/sanjuan.tur.ar<\/a><\/p>\n<p>&nbsp;<\/p>\n<\/div>\n<div class=\"clr\">Publicado el Domingo, 25 de Diciembre de 2022<\/div>\n","protected":false},"excerpt":{"rendered":"<p>El agua, el sol, el aire libre y las monta\u00f1as se convierten en interesantes opciones para renovar las energ\u00edas en<\/p>\n","protected":false},"author":3,"featured_media":26352,"comment_status":"closed","ping_status":"closed","sticky":false,"template":"","format":"standard","meta":{"_acf_changed":false,"_seopress_robots_primary_cat":"none","_seopress_titles_title":"","_seopress_titles_desc":"","_seopress_robots_index":"","colormag_page_container_layout":"default_layout","colormag_page_sidebar_layout":"default_layout","footnotes":""},"categories":[6],"tags":[],"class_list":["post-55304","post","type-post","status-publish","format-standard","has-post-thumbnail","hentry","category-eventos"],"acf":[],"_links":{"self":[{"href":"https:\/\/vocesparalelas.com.ar\/sitio\/wp-json\/wp\/v2\/posts\/55304","targetHints":{"allow":["GET"]}}],"collection":[{"href":"https:\/\/vocesparalelas.com.ar\/sitio\/wp-json\/wp\/v2\/posts"}],"about":[{"href":"https:\/\/vocesparalelas.com.ar\/sitio\/wp-json\/wp\/v2\/types\/post"}],"author":[{"embeddable":true,"href":"https:\/\/vocesparalelas.com.ar\/sitio\/wp-json\/wp\/v2\/users\/3"}],"replies":[{"embeddable":true,"href":"https:\/\/vocesparalelas.com.ar\/sitio\/wp-json\/wp\/v2\/comments?post=55304"}],"version-history":[{"count":1,"href":"https:\/\/vocesparalelas.com.ar\/sitio\/wp-json\/wp\/v2\/posts\/55304\/revisions"}],"predecessor-version":[{"id":55401,"href":"https:\/\/vocesparalelas.com.ar\/sitio\/wp-json\/wp\/v2\/posts\/55304\/revisions\/55401"}],"wp:featuredmedia":[{"embeddable":true,"href":"https:\/\/vocesparalelas.com.ar\/sitio\/wp-json\/wp\/v2\/media\/26352"}],"wp:attachment":[{"href":"https:\/\/vocesparalelas.com.ar\/sitio\/wp-json\/wp\/v2\/media?parent=55304"}],"wp:term":[{"taxonomy":"category","embeddable":true,"href":"https:\/\/vocesparalelas.com.ar\/sitio\/wp-json\/wp\/v2\/categories?post=55304"},{"taxonomy":"post_tag","embeddable":true,"href":"https:\/\/vocesparalelas.com.ar\/sitio\/wp-json\/wp\/v2\/tags?post=55304"}],"curies":[{"name":"wp","href":"https:\/\/api.w.org\/{rel}","templated":true}]}}