{"id":55290,"date":"2022-12-23T21:36:25","date_gmt":"2022-12-24T00:36:25","guid":{"rendered":"https:\/\/vocesparalelas.com.ar\/sitio\/?p=55290"},"modified":"2022-12-24T00:36:38","modified_gmt":"2022-12-24T03:36:38","slug":"se-cumplio-el-sueno-de-la-ampliacion-del-hospital-dr-marcial-quiroga","status":"publish","type":"post","link":"https:\/\/vocesparalelas.com.ar\/sitio\/se-cumplio-el-sueno-de-la-ampliacion-del-hospital-dr-marcial-quiroga\/","title":{"rendered":"Se cumpli\u00f3 el sue\u00f1o de la ampliaci\u00f3n del Hospital Dr. Marcial Quiroga"},"content":{"rendered":"<div class=\"itemFullText\">\n<p>El gobernador de San Juan, Dr. Sergio U\u00f1ac junto a la ministra de Salud de la Naci\u00f3n, Dra. Carla Vizzotti, habilitaron y entregaron la obra de ampliaci\u00f3n del Hospital Dr. Marcial Quiroga, uno de los nosocomios m\u00e1s importantes de la provincia, en el Departamento Rivadavia.<\/p>\n<p>En la previa, la ministra de Salud de la Naci\u00f3n, Dra. Carla Vizzotti, se comprometi\u00f3 derivar fondos para seguir ampliando el Hospital Dr. Marcial Quiroga que contiene una gran cantidad de pacientes de diversos departamentos que llegan para su atenci\u00f3n.<\/p>\n<p><iframe loading=\"lazy\" title=\"HMQ DRA CARLA VIZZOTTI\" width=\"800\" height=\"450\" src=\"https:\/\/www.youtube.com\/embed\/2F9W2VK-KFk?feature=oembed\" frameborder=\"0\" allow=\"accelerometer; autoplay; clipboard-write; encrypted-media; gyroscope; picture-in-picture\" allowfullscreen><\/iframe><\/p>\n<p>Adem\u00e1s, estuvo presente el vicegobernador CPN Roberto Gattoni junto a su esposa; la ministra de Salud P\u00fablica, Dra. Alejandra Venerando; el ministro de Obras y Servicios P\u00fablicos, Ing. Julio Ortiz Andino; secretario de Salud de Naci\u00f3n, Dr. V\u00edctor Urbani; secretario T\u00e9cnico de Salud Juan, Dr. Pablo Pacheco; secretario Administrativo, CPN Guillermo Benelbaz; secretaria de Planificaci\u00f3n, Dra. Alina Almazan; subsecretario de Medicina Preventiva, Dr. Matias Espejo; director del hospital Marcial Quiroga, Dr. Andr\u00e9s Escudero; secretario de Obras P\u00fablicas, Ing. Carlos Royan; subsecretario de Mantenimiento y Operaciones, Rub\u00e9n Mani; director general de Obras y Control Operativo, Cristian Morales; director M\u00e9dico de Planificaci\u00f3n y Gesti\u00f3n Asistencial, Dr. Sergio Albarracin; director Administrativo, CPN Daniel Gerbeno; jefes de zonas sanitarias, directores de centros de salud, personal de salud, intendentes.<\/p>\n<p>El Gobierno de San Juan proyect\u00f3 la construcci\u00f3n de un nuevo edificio para el Hospital, de 7855,33 metros cuadrados de superficie, a partir de una serie de estudios previos en cuanto a su ubicaci\u00f3n, programa y encuadre funcional dentro del conjunto.<\/p>\n<p>Durante el proceso constructivo, el edificio alcanz\u00f3 un pico m\u00e1ximo de 130 trabajadores y un promedio estimado de 71 operarios.<\/p>\n<p>Tras el corte de cinta y la bendici\u00f3n de las obras del padre Molina, se descubri\u00f3 una placa recordatoria.<\/p>\n<p><iframe loading=\"lazy\" title=\"HMQ BENDICI\u00d3N\" width=\"800\" height=\"450\" src=\"https:\/\/www.youtube.com\/embed\/S3lEh_9wgnQ?feature=oembed\" frameborder=\"0\" allow=\"accelerometer; autoplay; clipboard-write; encrypted-media; gyroscope; picture-in-picture\" allowfullscreen><\/iframe><\/p>\n<p><img loading=\"lazy\" decoding=\"async\" class=\"alignnone size-full wp-image-55306\" src=\"https:\/\/vocesparalelas.com.ar\/sitio\/wp-content\/uploads\/2022\/12\/HMQ-ANEXO-03.jpg\" alt=\"\" width=\"800\" height=\"533\" srcset=\"https:\/\/vocesparalelas.com.ar\/sitio\/wp-content\/uploads\/2022\/12\/HMQ-ANEXO-03.jpg 800w, https:\/\/vocesparalelas.com.ar\/sitio\/wp-content\/uploads\/2022\/12\/HMQ-ANEXO-03-300x200.jpg 300w, https:\/\/vocesparalelas.com.ar\/sitio\/wp-content\/uploads\/2022\/12\/HMQ-ANEXO-03-768x512.jpg 768w\" sizes=\"auto, (max-width: 800px) 100vw, 800px\" \/><\/p>\n<p><img loading=\"lazy\" decoding=\"async\" class=\"alignnone size-full wp-image-55312\" src=\"https:\/\/vocesparalelas.com.ar\/sitio\/wp-content\/uploads\/2022\/12\/HMQ-ANEXO-09.jpg\" alt=\"\" width=\"800\" height=\"533\" srcset=\"https:\/\/vocesparalelas.com.ar\/sitio\/wp-content\/uploads\/2022\/12\/HMQ-ANEXO-09.jpg 800w, https:\/\/vocesparalelas.com.ar\/sitio\/wp-content\/uploads\/2022\/12\/HMQ-ANEXO-09-300x200.jpg 300w, https:\/\/vocesparalelas.com.ar\/sitio\/wp-content\/uploads\/2022\/12\/HMQ-ANEXO-09-768x512.jpg 768w\" sizes=\"auto, (max-width: 800px) 100vw, 800px\" \/><\/p>\n<p>El gobernador U\u00f1ac sostuvo que \u201cdejamos inaugurado algo esta obra m\u00e1s que emblem\u00e1tica, porque venimos apostando fuertemente por la inversi\u00f3n en salud m\u00e1s all\u00e1 de los hospitales entregados a la fecha y el Marcial Quiroga es un hospital estrat\u00e9gico\u201d.<\/p>\n<p>En ese sentido detall\u00f3 que \u201ces el segundo nosocomio m\u00e1s importante que tiene la provincia. Fue ampliado en m\u00e1s del 50 por ciento respecto de la inversi\u00f3n original\u00bb.<\/p>\n<p>Adem\u00e1s, destac\u00f3 que el Ministerio de Salud de la Naci\u00f3n contribuir\u00e1 a la provincia con 9 ambulancias de las cuales 7 son de media complejidad y 2 de alta complejidad y tres 4&#215;4 para el primer trimestre del a\u00f1o 2023.<\/p>\n<p>Respecto de la inversi\u00f3n de la obra el Gobernador sostuvo que \u201cha sido m\u00e1s que significativa. El Hospital Rawson con la m\u00e1s alta tecnolog\u00eda y el Marcial Quiroga tambi\u00e9n en este nuevo sector y despu\u00e9s empezaremos de manera paulatina a mirar el sector viejo para ver cuando se comienza la remodelaci\u00f3n\u00bb.<\/p>\n<p>La ministra de Salud P\u00fablica de San Juan, Dra. Alejandra Venerando se\u00f1alo que \u201ceste es el segundo hospital m\u00e1s importante de nuestra provincia\u00bb, y destac\u00f3 que \u00abes una obra muy emblem\u00e1tica y absolutamente necesaria\u00bb.<\/p>\n<p><iframe loading=\"lazy\" title=\"HMQ DRA ALEJANDRA VENERANDO\" width=\"800\" height=\"450\" src=\"https:\/\/www.youtube.com\/embed\/ppwLaWULzxg?feature=oembed\" frameborder=\"0\" allow=\"accelerometer; autoplay; clipboard-write; encrypted-media; gyroscope; picture-in-picture\" allowfullscreen><\/iframe><\/p>\n<p>\u00abDurante estos dos a\u00f1os de pandemia le ped\u00ed a las autoridades del Hospital ampliarnos para que ning\u00fan sanjuanino tuviera que quedarse sin cama. Vamos a tener otras estructuras de im\u00e1genes ahora, luego el tom\u00f3grafo\u201d.<\/p>\n<p>Finalmente puso en valor la gesti\u00f3n del Gobernador y dijo que \u201cescucha las necesidades que hay en salud y da respuestas\u201d.<\/p>\n<p>El ministro de Obras y Servicios P\u00fablicos Julio Ortiz Andino se\u00f1al\u00f3 que \u201cha sido un esfuerzo financiero importante de la provincia, si tuvi\u00e9ramos que hacer la licitaci\u00f3n ahora para la obra estar\u00edamos hablando de una inversi\u00f3n de 2.800 millones de pesos\u00bb.<\/p>\n<p>\u00abEn plena pandemia tuvimos la oportunidad de inaugurar un Hospital en 25 de Mayo, tenemos en el primer trimestre del a\u00f1o que viene la posibilidad de inaugurar otros dos hospitales uno de 12 mil metros cuadrados en J\u00e1chal, con aportes de la provincia y la miner\u00eda, y en Rodeo tambi\u00e9n en el primer trimestre otro hospital\u201d, afirm\u00f3 el titular de Obras.<\/p>\n<p>Seguidamente enumer\u00f3 que \u00abtambi\u00e9n estamos construyendo uno en Calingasta, hemos licitado otro en Angaco de 5.000 metros cuadrados y tenemos a corto plazo la necesidad de otros seis hospitales m\u00e1s a licitar en San Martin, Caucete, Valle F\u00e9rtil, en Los Berros, Ullum y Zonda\u00bb.<\/p>\n<p>El director Ejecutivo del Hospital Andr\u00e9s Escudero dijo que \u201choy es un hito importante para la salud de la provincia. Es una ampliaci\u00f3n de m\u00e1s de siete mil metros cuadrados de infraestructura totalmente equipada\u00bb.<\/p>\n<p><iframe loading=\"lazy\" title=\"HMQ DR ESCUDERO\" width=\"800\" height=\"450\" src=\"https:\/\/www.youtube.com\/embed\/8fFOx6rswiI?feature=oembed\" frameborder=\"0\" allow=\"accelerometer; autoplay; clipboard-write; encrypted-media; gyroscope; picture-in-picture\" allowfullscreen><\/iframe><\/p>\n<p>Agrego que \u201cequipar un terapia intensiva con unidad coronaria totalmente distinta a la que conocemos, es contar con un servicio de tomograf\u00eda pr\u00f3ximamente y tener el primer tom\u00f3grafo fuera del anillo de la circunvalaci\u00f3n. Esto va a cambiar la calidad asistencial de nuestro hospital\u00bb.<\/p>\n<p><span style=\"color: #ff0000;\"><strong>Detalles de la Obra<\/strong><\/span><\/p>\n<p><img loading=\"lazy\" decoding=\"async\" class=\"alignnone size-full wp-image-55264\" src=\"https:\/\/vocesparalelas.com.ar\/sitio\/wp-content\/uploads\/2022\/12\/HMQ-ANEXO-01.jpg\" alt=\"\" width=\"800\" height=\"600\" srcset=\"https:\/\/vocesparalelas.com.ar\/sitio\/wp-content\/uploads\/2022\/12\/HMQ-ANEXO-01.jpg 800w, https:\/\/vocesparalelas.com.ar\/sitio\/wp-content\/uploads\/2022\/12\/HMQ-ANEXO-01-300x225.jpg 300w, https:\/\/vocesparalelas.com.ar\/sitio\/wp-content\/uploads\/2022\/12\/HMQ-ANEXO-01-768x576.jpg 768w\" sizes=\"auto, (max-width: 800px) 100vw, 800px\" \/><\/p>\n<p>El nuevo edificio se estructura en torno a un eje norte \u2013 sur compuesto por tres niveles: subsuelo, planta baja y primer piso.<\/p>\n<p>En el subsuelo se ubican salas de m\u00e1quinas, farmacia, archivos de historias cl\u00ednicas y \u00e1rea de inform\u00e1tica. En la planta baja se encuentran los servicios de urgencias, sala de Tomograf\u00eda Computada, sala de Rayos X y Sala de Ecograf\u00eda, con sus \u00e1reas complementarias y de apoyatura. Por \u00faltimo, en el primer piso se sit\u00faan las atenciones de terapia intensiva y unidad coronaria.<\/p>\n<p>La nueva ampliaci\u00f3n se vincula al edificio existente a trav\u00e9s de cuatro conectores: en planta baja con la circulaci\u00f3n del ala norte, en planta alta con la circulaci\u00f3n de internaci\u00f3n de las alas norte y sur y, tambi\u00e9n en planta alta, el ala central con el \u00e1rea quir\u00fargica.<\/p>\n<p>Sumado a esto, el proyecto contempla dos tipos de acceso al Hospital: ingresos peatonales y vehiculares.<\/p>\n<p>En el aspecto constructivo cabe destacar que la calidad de los materiales contempla una larga vida \u00fatil del edificio y busca minimizar los costos de operaci\u00f3n y mantenimiento. Adem\u00e1s, la red de instalaciones asegurar\u00e1 la provisi\u00f3n de los servicios a cualquier punto del establecimiento<\/p>\n<\/div>\n<div class=\"clr\"><img loading=\"lazy\" decoding=\"async\" class=\"alignnone size-full wp-image-55307\" src=\"https:\/\/vocesparalelas.com.ar\/sitio\/wp-content\/uploads\/2022\/12\/HMQ-ANEXO-04.jpg\" alt=\"\" width=\"800\" height=\"533\" srcset=\"https:\/\/vocesparalelas.com.ar\/sitio\/wp-content\/uploads\/2022\/12\/HMQ-ANEXO-04.jpg 800w, https:\/\/vocesparalelas.com.ar\/sitio\/wp-content\/uploads\/2022\/12\/HMQ-ANEXO-04-300x200.jpg 300w, https:\/\/vocesparalelas.com.ar\/sitio\/wp-content\/uploads\/2022\/12\/HMQ-ANEXO-04-768x512.jpg 768w\" sizes=\"auto, (max-width: 800px) 100vw, 800px\" \/><\/div>\n<div class=\"itemContentFooter\"><span class=\"itemDateModified\">Modificado por \u00faltima vez en Martes, 20 Diciembre 2022 08:30<\/span><\/div>\n","protected":false},"excerpt":{"rendered":"<p>El gobernador de San Juan, Dr. Sergio U\u00f1ac junto a la ministra de Salud de la Naci\u00f3n, Dra. Carla Vizzotti,<\/p>\n","protected":false},"author":3,"featured_media":55311,"comment_status":"closed","ping_status":"closed","sticky":false,"template":"","format":"video","meta":{"_acf_changed":false,"_seopress_robots_primary_cat":"none","_seopress_titles_title":"","_seopress_titles_desc":"","_seopress_robots_index":"","colormag_page_container_layout":"default_layout","colormag_page_sidebar_layout":"default_layout","footnotes":""},"categories":[1,7],"tags":[],"class_list":["post-55290","post","type-post","status-publish","format-video","has-post-thumbnail","hentry","category-destacadas","category-videos","post_format-post-format-video"],"acf":[],"_links":{"self":[{"href":"https:\/\/vocesparalelas.com.ar\/sitio\/wp-json\/wp\/v2\/posts\/55290","targetHints":{"allow":["GET"]}}],"collection":[{"href":"https:\/\/vocesparalelas.com.ar\/sitio\/wp-json\/wp\/v2\/posts"}],"about":[{"href":"https:\/\/vocesparalelas.com.ar\/sitio\/wp-json\/wp\/v2\/types\/post"}],"author":[{"embeddable":true,"href":"https:\/\/vocesparalelas.com.ar\/sitio\/wp-json\/wp\/v2\/users\/3"}],"replies":[{"embeddable":true,"href":"https:\/\/vocesparalelas.com.ar\/sitio\/wp-json\/wp\/v2\/comments?post=55290"}],"version-history":[{"count":1,"href":"https:\/\/vocesparalelas.com.ar\/sitio\/wp-json\/wp\/v2\/posts\/55290\/revisions"}],"predecessor-version":[{"id":55389,"href":"https:\/\/vocesparalelas.com.ar\/sitio\/wp-json\/wp\/v2\/posts\/55290\/revisions\/55389"}],"wp:featuredmedia":[{"embeddable":true,"href":"https:\/\/vocesparalelas.com.ar\/sitio\/wp-json\/wp\/v2\/media\/55311"}],"wp:attachment":[{"href":"https:\/\/vocesparalelas.com.ar\/sitio\/wp-json\/wp\/v2\/media?parent=55290"}],"wp:term":[{"taxonomy":"category","embeddable":true,"href":"https:\/\/vocesparalelas.com.ar\/sitio\/wp-json\/wp\/v2\/categories?post=55290"},{"taxonomy":"post_tag","embeddable":true,"href":"https:\/\/vocesparalelas.com.ar\/sitio\/wp-json\/wp\/v2\/tags?post=55290"}],"curies":[{"name":"wp","href":"https:\/\/api.w.org\/{rel}","templated":true}]}}