{"id":55262,"date":"2022-12-19T15:01:21","date_gmt":"2022-12-19T18:01:21","guid":{"rendered":"https:\/\/vocesparalelas.com.ar\/sitio\/?p=55262"},"modified":"2022-12-19T15:02:05","modified_gmt":"2022-12-19T18:02:05","slug":"inauguracion-de-obras-de-ampliacion-y-remodelacion-del-hospital-dr-marcial-quiroga","status":"publish","type":"post","link":"https:\/\/vocesparalelas.com.ar\/sitio\/inauguracion-de-obras-de-ampliacion-y-remodelacion-del-hospital-dr-marcial-quiroga\/","title":{"rendered":"Inauguraci\u00f3n de Obras de Ampliaci\u00f3n y Remodelaci\u00f3n del Hospital Dr. Marcial Quiroga"},"content":{"rendered":"<p>El Lunes, 19 de Diciembre, a las 18:30 horas, se desarrolla el Acto de Inauguraci\u00f3n de las Obras de Ampliaci\u00f3n y Remodelaci\u00f3n del Hospital \u201cDoctor Marcial Quiroga\u201d, entrega\u00a0de Ambulancias por parte del Ministerio de Salud de Naci\u00f3n a la Provincia de San Juan a trav\u00e9s del Ministerio de\u00a0Salud P\u00fablica.<\/p>\n<p>La ceremonia cuenta con la presencia de la Ministra de Salud de Naci\u00f3n, Dra. Carla Vizzotti, el Gobernador de San Juan, Dr. Sergio U\u00f1ac y la Ministra de Salud P\u00fablica, Dra. Alejandra Verendando y dem\u00e1s, autoridades.<\/p>\n<p>El acto se realiza en el Hospital \u201cDoctor Marcial Quiroga\u201d, Rastreador Calivar y Av. Libertador General San Martin, Departamento\u00a0Rivadavia.<\/p>\n<p>Se puede seguir la inauguraci\u00f3n a trav\u00e9s del canal de Youtube del Gobierno de San Juan<\/p>\n<p><iframe loading=\"lazy\" title=\"Inauguraci\u00f3n de las Obras de Ampliaci\u00f3n del hospital Marcial Quiroga, San Juan, Argentina\" width=\"800\" height=\"600\" src=\"https:\/\/www.youtube.com\/embed\/6Y8bLkMN-PU?feature=oembed\" frameborder=\"0\" allow=\"accelerometer; autoplay; clipboard-write; encrypted-media; gyroscope; picture-in-picture\" allowfullscreen><\/iframe><\/p>\n<p>anhelada obra de ampliaci\u00f3n del edificio. La nueva infraestructura sanitaria contar\u00e1 con multiplicidad de servicios en pos de\u00a0garantizar un mejor acceso a la salud p\u00fablica.<\/p>\n<p>La obra cuenta con tres niveles: el\u00a0subsuelo, donde se ubican salas de m\u00e1quinas, farmacia, archivos de historias cl\u00ednicas y \u00e1rea de inform\u00e1tica, luego la\u00a0planta baja\u00a0donde se encuentran los servicios de urgencias, sala de Tomograf\u00eda Computada, sala de Rayos X y Sala de Ecograf\u00eda, con sus \u00e1reas complementarias y de apoyatura. Por \u00faltimo, en el\u00a0primer piso\u00a0se sit\u00faan las atenciones de terapia intensiva y unidad coronaria.\u00a0En total el nuevo edificio cuenta con 7855,33 metros cuadros de superficie construida.<\/p>\n<div class=\"itemFullText\">\n<p>Adem\u00e1s, la nueva ampliaci\u00f3n se vincula al edificio existente a trav\u00e9s de cuatro conectores: en planta baja con la circulaci\u00f3n del ala norte, en planta alta con la circulaci\u00f3n de internaci\u00f3n de las alas norte y sur y, tambi\u00e9n en planta alta, el ala central con el \u00e1rea quir\u00fargica.<\/p>\n<p>Por otra parte, el proyecto ejecutado tambi\u00e9n contempla ingresos peatonales y vehiculares. Los primeros con acceso a trav\u00e9s de amplias escalinatas y rampas con pisos antideslizantes, barandas, y se\u00f1al\u00e9tica. En tanto que, para los veh\u00edculos el predio cuenta con ingresos para personal y servicios de abastecimiento y suministros, diferenciados del ingreso de ambulancias al Servicio de Urgencia.<\/p>\n<p>Cabe destacar que, con respecto a lo edilicio, se puso una especial atenci\u00f3n en que la calidad de materiales teniendo en cuenta la vida \u00fatil del edificio, buscando minimizar los costos de operaci\u00f3n y mantenimiento.\u00a0Durante el proceso constructivo, el edificio alcanz\u00f3 un pico m\u00e1ximo de 130 trabajadores y un promedio estimado de 71 operarios.<\/p>\n<\/div>\n<div class=\"clr\"><\/div>\n<div class=\"itemContentFooter\"><span class=\"itemDateModified\">Publicado el Lunes, 19 de Diciembre de 2022\u00a0<\/span><\/div>\n","protected":false},"excerpt":{"rendered":"<p>El Lunes, 19 de Diciembre, a las 18:30 horas, se desarrolla el Acto de Inauguraci\u00f3n de las Obras de Ampliaci\u00f3n<\/p>\n","protected":false},"author":3,"featured_media":55264,"comment_status":"closed","ping_status":"closed","sticky":false,"template":"","format":"video","meta":{"_acf_changed":false,"_seopress_robots_primary_cat":"none","_seopress_titles_title":"","_seopress_titles_desc":"","_seopress_robots_index":"","colormag_page_container_layout":"default_layout","colormag_page_sidebar_layout":"default_layout","footnotes":""},"categories":[1,7],"tags":[],"class_list":["post-55262","post","type-post","status-publish","format-video","has-post-thumbnail","hentry","category-destacadas","category-videos","post_format-post-format-video"],"acf":[],"_links":{"self":[{"href":"https:\/\/vocesparalelas.com.ar\/sitio\/wp-json\/wp\/v2\/posts\/55262","targetHints":{"allow":["GET"]}}],"collection":[{"href":"https:\/\/vocesparalelas.com.ar\/sitio\/wp-json\/wp\/v2\/posts"}],"about":[{"href":"https:\/\/vocesparalelas.com.ar\/sitio\/wp-json\/wp\/v2\/types\/post"}],"author":[{"embeddable":true,"href":"https:\/\/vocesparalelas.com.ar\/sitio\/wp-json\/wp\/v2\/users\/3"}],"replies":[{"embeddable":true,"href":"https:\/\/vocesparalelas.com.ar\/sitio\/wp-json\/wp\/v2\/comments?post=55262"}],"version-history":[{"count":2,"href":"https:\/\/vocesparalelas.com.ar\/sitio\/wp-json\/wp\/v2\/posts\/55262\/revisions"}],"predecessor-version":[{"id":55267,"href":"https:\/\/vocesparalelas.com.ar\/sitio\/wp-json\/wp\/v2\/posts\/55262\/revisions\/55267"}],"wp:featuredmedia":[{"embeddable":true,"href":"https:\/\/vocesparalelas.com.ar\/sitio\/wp-json\/wp\/v2\/media\/55264"}],"wp:attachment":[{"href":"https:\/\/vocesparalelas.com.ar\/sitio\/wp-json\/wp\/v2\/media?parent=55262"}],"wp:term":[{"taxonomy":"category","embeddable":true,"href":"https:\/\/vocesparalelas.com.ar\/sitio\/wp-json\/wp\/v2\/categories?post=55262"},{"taxonomy":"post_tag","embeddable":true,"href":"https:\/\/vocesparalelas.com.ar\/sitio\/wp-json\/wp\/v2\/tags?post=55262"}],"curies":[{"name":"wp","href":"https:\/\/api.w.org\/{rel}","templated":true}]}}