{"id":55259,"date":"2022-12-19T12:34:26","date_gmt":"2022-12-19T15:34:26","guid":{"rendered":"https:\/\/vocesparalelas.com.ar\/sitio\/?p=55259"},"modified":"2022-12-19T14:06:58","modified_gmt":"2022-12-19T17:06:58","slug":"concierto-navidad-en-el-parque","status":"publish","type":"post","link":"https:\/\/vocesparalelas.com.ar\/sitio\/concierto-navidad-en-el-parque\/","title":{"rendered":"Concierto \u201cNavidad en el Parque\u201d"},"content":{"rendered":"<div class=\"itemFullText\">\n<p>El Martes, 20 de Diciembre, a las 21 hs.; frente al Monumento al Deporte, La Camerata y la Orquesta Escuela San Juan comparten escenario, por primera vez, en un cierre de a\u00f1o de lujo brindan el Concierto \u201cNavidad en el Parque\u201d. La entrada ser\u00e1 libre y gratuita<\/p>\n<p>&nbsp;<\/p>\n<p><img loading=\"lazy\" decoding=\"async\" class=\"alignnone size-large wp-image-17572\" src=\"https:\/\/vocesparalelas.com.ar\/sitio\/wp-content\/uploads\/2018\/12\/CDSJ-CAMERATA-SAN-JUAN-800x534.jpg\" alt=\"\" width=\"800\" height=\"534\" srcset=\"https:\/\/vocesparalelas.com.ar\/sitio\/wp-content\/uploads\/2018\/12\/CDSJ-CAMERATA-SAN-JUAN-800x534.jpg 800w, https:\/\/vocesparalelas.com.ar\/sitio\/wp-content\/uploads\/2018\/12\/CDSJ-CAMERATA-SAN-JUAN-300x200.jpg 300w, https:\/\/vocesparalelas.com.ar\/sitio\/wp-content\/uploads\/2018\/12\/CDSJ-CAMERATA-SAN-JUAN-768x512.jpg 768w, https:\/\/vocesparalelas.com.ar\/sitio\/wp-content\/uploads\/2018\/12\/CDSJ-CAMERATA-SAN-JUAN.jpg 1000w\" sizes=\"auto, (max-width: 800px) 100vw, 800px\" \/><\/p>\n<p>Un repertorio compuesto por m\u00fasica popular y cl\u00e1sica es la propuesta para esta ocasi\u00f3n, que recuerda autores como Edvard Grieg, Antonin Dvorak, Edward Elgar y Dimitri Shostacovich. En una parte del concierto tambi\u00e9n est\u00e1n presentes los \u00edconos del rock nacional como Charly Garc\u00eda, Fito P\u00e1ez y Cerati, adem\u00e1s de la legendaria banda inglesa de Liverpol, The Beatles.<\/p>\n<p>En esta oportunidad, los m\u00fasicos de la Orquesta Juvenil, que forma parte de la Orquesta Escuela San Juan, acompa\u00f1an en este \u00faltimo concierto. Dicho grupo de j\u00f3venes m\u00fasicos son los m\u00e1s avanzados en el programa que coordina el Ministerio de Turismo y Cultura del Gobierno de San Juan y tres de ellos fueron becados para sumarse a La Camerata.<\/p>\n<p>Por otro lado, para la noche del martes, la cantante local Florencia Carmona pone la voz, mientras que miembros de la Orquesta Sinf\u00f3nica de San Juan incorporando timbales, trompetas y cornos.<\/p>\n<p>De esta manera, con m\u00e1s de 60 m\u00fasicos en escena, La Camerata despide el 2022 con un broche lleno de talento, profesionalismo y alegr\u00eda.<\/p>\n<\/div>\n<div class=\"clr\"><\/div>\n<div class=\"itemContentFooter\"><span class=\"itemDateModified\">Publicado el Lunes, 19 de Diciembre de 2022<\/span><\/div>\n","protected":false},"excerpt":{"rendered":"<p>El Martes, 20 de Diciembre, a las 21 hs.; frente al Monumento al Deporte, La Camerata y la Orquesta Escuela<\/p>\n","protected":false},"author":3,"featured_media":17578,"comment_status":"closed","ping_status":"closed","sticky":false,"template":"","format":"standard","meta":{"_acf_changed":false,"_seopress_robots_primary_cat":"none","_seopress_titles_title":"","_seopress_titles_desc":"","_seopress_robots_index":"","colormag_page_container_layout":"default_layout","colormag_page_sidebar_layout":"default_layout","footnotes":""},"categories":[1],"tags":[],"class_list":["post-55259","post","type-post","status-publish","format-standard","has-post-thumbnail","hentry","category-destacadas"],"acf":[],"_links":{"self":[{"href":"https:\/\/vocesparalelas.com.ar\/sitio\/wp-json\/wp\/v2\/posts\/55259","targetHints":{"allow":["GET"]}}],"collection":[{"href":"https:\/\/vocesparalelas.com.ar\/sitio\/wp-json\/wp\/v2\/posts"}],"about":[{"href":"https:\/\/vocesparalelas.com.ar\/sitio\/wp-json\/wp\/v2\/types\/post"}],"author":[{"embeddable":true,"href":"https:\/\/vocesparalelas.com.ar\/sitio\/wp-json\/wp\/v2\/users\/3"}],"replies":[{"embeddable":true,"href":"https:\/\/vocesparalelas.com.ar\/sitio\/wp-json\/wp\/v2\/comments?post=55259"}],"version-history":[{"count":1,"href":"https:\/\/vocesparalelas.com.ar\/sitio\/wp-json\/wp\/v2\/posts\/55259\/revisions"}],"predecessor-version":[{"id":55261,"href":"https:\/\/vocesparalelas.com.ar\/sitio\/wp-json\/wp\/v2\/posts\/55259\/revisions\/55261"}],"wp:featuredmedia":[{"embeddable":true,"href":"https:\/\/vocesparalelas.com.ar\/sitio\/wp-json\/wp\/v2\/media\/17578"}],"wp:attachment":[{"href":"https:\/\/vocesparalelas.com.ar\/sitio\/wp-json\/wp\/v2\/media?parent=55259"}],"wp:term":[{"taxonomy":"category","embeddable":true,"href":"https:\/\/vocesparalelas.com.ar\/sitio\/wp-json\/wp\/v2\/categories?post=55259"},{"taxonomy":"post_tag","embeddable":true,"href":"https:\/\/vocesparalelas.com.ar\/sitio\/wp-json\/wp\/v2\/tags?post=55259"}],"curies":[{"name":"wp","href":"https:\/\/api.w.org\/{rel}","templated":true}]}}