{"id":55245,"date":"2022-12-18T23:22:53","date_gmt":"2022-12-19T02:22:53","guid":{"rendered":"https:\/\/vocesparalelas.com.ar\/sitio\/?p=55245"},"modified":"2022-12-18T23:22:53","modified_gmt":"2022-12-19T02:22:53","slug":"festejos-en-san-juan-por-argentina-campeon-y-la-policia-evitando-incidentes","status":"publish","type":"post","link":"https:\/\/vocesparalelas.com.ar\/sitio\/festejos-en-san-juan-por-argentina-campeon-y-la-policia-evitando-incidentes\/","title":{"rendered":"Festejos en San Juan por Argentina Campe\u00f3n y la Polic\u00eda evitando incidentes"},"content":{"rendered":"<p>La Polic\u00eda de San Juan informa que en la tarde del Domingo, 18 de Diciembre,\u00a0 siguiendo directivas del superior gobierno de la provincia de San Juan, a trav\u00e9s de la Secretaria de Estado Seguridad y Orden P\u00fablico; se dispuso un operativo de prevenci\u00f3n y de seguridad que consisti\u00f3 en m\u00e1s de 250 polic\u00edas uniformados y de civil, en el microcentro, m\u00e1s, la misma cantidad de funcionarios en Centro C\u00edvico, Teatro del Bicentenario y Plaza Villa Krause.<\/p>\n<p>Los mismos fueron\u00a0 afectados desde las 13:15 hs.; a la espera de los posibles festejos, por el campeonato del mundo.<\/p>\n<p>El resultado de esta actividad, a\u00fan, no se han registrado denuncias por delitos contra la propiedad de parte de propietarios de inmuebles, comercios, entre otros.<\/p>\n<p>Junto a Autoridades Municipalidad de la Capital, se destaca que no se han registrado destrozos ni incidentes de gravedad por los festejos mencionados.<\/p>\n<p>Sobre detenciones, la cifra, hasta el momento asciende a diez personas, quienes que fueron trasladadas a Comisar\u00eda Tercera y Cuarta, por motivos contravencionales, disturbios en la v\u00eda p\u00fablica, ingesta de bebidas alcoh\u00f3licas.<\/p>\n<p>Culminando el operativo, con absoluta normalidad.<\/p>\n<p><iframe loading=\"lazy\" title=\"POLICIA SAN JUAN\" width=\"800\" height=\"450\" src=\"https:\/\/www.youtube.com\/embed\/GwzP4kaOL2w?feature=oembed\" frameborder=\"0\" allow=\"accelerometer; autoplay; clipboard-write; encrypted-media; gyroscope; picture-in-picture\" allowfullscreen><\/iframe><\/p>\n<p>Publicado el Domingo, 18 de Diciembre de 2022<\/p>\n","protected":false},"excerpt":{"rendered":"<p>La Polic\u00eda de San Juan informa que en la tarde del Domingo, 18 de Diciembre,\u00a0 siguiendo directivas del superior gobierno<\/p>\n","protected":false},"author":3,"featured_media":55248,"comment_status":"closed","ping_status":"closed","sticky":false,"template":"","format":"standard","meta":{"_acf_changed":false,"_seopress_robots_primary_cat":"none","_seopress_titles_title":"","_seopress_titles_desc":"","_seopress_robots_index":"","colormag_page_container_layout":"default_layout","colormag_page_sidebar_layout":"default_layout","footnotes":""},"categories":[1],"tags":[],"class_list":["post-55245","post","type-post","status-publish","format-standard","has-post-thumbnail","hentry","category-destacadas"],"acf":[],"_links":{"self":[{"href":"https:\/\/vocesparalelas.com.ar\/sitio\/wp-json\/wp\/v2\/posts\/55245","targetHints":{"allow":["GET"]}}],"collection":[{"href":"https:\/\/vocesparalelas.com.ar\/sitio\/wp-json\/wp\/v2\/posts"}],"about":[{"href":"https:\/\/vocesparalelas.com.ar\/sitio\/wp-json\/wp\/v2\/types\/post"}],"author":[{"embeddable":true,"href":"https:\/\/vocesparalelas.com.ar\/sitio\/wp-json\/wp\/v2\/users\/3"}],"replies":[{"embeddable":true,"href":"https:\/\/vocesparalelas.com.ar\/sitio\/wp-json\/wp\/v2\/comments?post=55245"}],"version-history":[{"count":1,"href":"https:\/\/vocesparalelas.com.ar\/sitio\/wp-json\/wp\/v2\/posts\/55245\/revisions"}],"predecessor-version":[{"id":55249,"href":"https:\/\/vocesparalelas.com.ar\/sitio\/wp-json\/wp\/v2\/posts\/55245\/revisions\/55249"}],"wp:featuredmedia":[{"embeddable":true,"href":"https:\/\/vocesparalelas.com.ar\/sitio\/wp-json\/wp\/v2\/media\/55248"}],"wp:attachment":[{"href":"https:\/\/vocesparalelas.com.ar\/sitio\/wp-json\/wp\/v2\/media?parent=55245"}],"wp:term":[{"taxonomy":"category","embeddable":true,"href":"https:\/\/vocesparalelas.com.ar\/sitio\/wp-json\/wp\/v2\/categories?post=55245"},{"taxonomy":"post_tag","embeddable":true,"href":"https:\/\/vocesparalelas.com.ar\/sitio\/wp-json\/wp\/v2\/tags?post=55245"}],"curies":[{"name":"wp","href":"https:\/\/api.w.org\/{rel}","templated":true}]}}