{"id":55225,"date":"2022-12-16T14:54:45","date_gmt":"2022-12-16T17:54:45","guid":{"rendered":"https:\/\/vocesparalelas.com.ar\/sitio\/?p=55225"},"modified":"2022-12-16T14:54:45","modified_gmt":"2022-12-16T17:54:45","slug":"se-interrumpe-el-normal-servicio-publico-de-pasajeros-en-san-juan","status":"publish","type":"post","link":"https:\/\/vocesparalelas.com.ar\/sitio\/se-interrumpe-el-normal-servicio-publico-de-pasajeros-en-san-juan\/","title":{"rendered":"Se interrumpe el normal servicio p\u00fablico de pasajeros en San Juan"},"content":{"rendered":"<p>El Domingo, 18 de Diciembre de 14 a 17 hs. ; se interrumpe el normal servicio p\u00fablico de pasajeros en San Juan porque es la franja de los festejos de la final del Campeonato Mundial de F\u00fatbol Qatar 2022 donde juega las selecciones de Argentina y Francia. Por razones de seguridad p\u00fablica, a fin de evitar situaciones que pongan en riesgo la seguridad, salud y bienes de la comunidad en general.<\/p>\n<p>La decisi\u00f3n es de la Direcci\u00f3n de Tr\u00e1nsito y Transporte del Ministerio de Gobierno del Gobierno de San Juan.<\/p>\n<p>Queda exceptuadas las l\u00edneas de Larga Distancia de San Juan.<\/p>\n<p>Es importante recordar que, el 13 de Diciembre de 2022 se origin\u00f3 una gran afluencia de p\u00fablico concentrado en la Plaza 25 de Mayo, que deriv\u00f3 en\u00a0 desbordes de personas, caos vehicular e incidentes en sus inmediaciones.<\/p>\n<p>En este sentido, se hace necesario la instrumentaci\u00f3n de medidas de seguridad que eviten la desmedida aglomeraci\u00f3n de gente en las inmediaciones de la Plaza 25 de Mayo y la consecuente posibilidad de desmanes y actos il\u00edcitos.<\/p>\n<p>Se recomienda que festejemos cuid\u00e1ndose entre todos para evitar inconvenientes. Es muy importante que la Selecci\u00f3n Argentina nos regale el honor de mostrarnos el alto nivel de capacidad de rendimiento.<\/p>\n<p>Los mejores augurios para un evento deportivo que engrandece al Futbol de Argentina.<\/p>\n<p>Publicado el Viernes, 16 de Diciembre de 2022<\/p>\n","protected":false},"excerpt":{"rendered":"<p>El Domingo, 18 de Diciembre de 14 a 17 hs. ; se interrumpe el normal servicio p\u00fablico de pasajeros en<\/p>\n","protected":false},"author":3,"featured_media":48167,"comment_status":"closed","ping_status":"closed","sticky":false,"template":"","format":"standard","meta":{"_acf_changed":false,"_seopress_robots_primary_cat":"none","_seopress_titles_title":"","_seopress_titles_desc":"","_seopress_robots_index":"","colormag_page_container_layout":"default_layout","colormag_page_sidebar_layout":"default_layout","footnotes":""},"categories":[1],"tags":[],"class_list":["post-55225","post","type-post","status-publish","format-standard","has-post-thumbnail","hentry","category-destacadas"],"acf":[],"_links":{"self":[{"href":"https:\/\/vocesparalelas.com.ar\/sitio\/wp-json\/wp\/v2\/posts\/55225","targetHints":{"allow":["GET"]}}],"collection":[{"href":"https:\/\/vocesparalelas.com.ar\/sitio\/wp-json\/wp\/v2\/posts"}],"about":[{"href":"https:\/\/vocesparalelas.com.ar\/sitio\/wp-json\/wp\/v2\/types\/post"}],"author":[{"embeddable":true,"href":"https:\/\/vocesparalelas.com.ar\/sitio\/wp-json\/wp\/v2\/users\/3"}],"replies":[{"embeddable":true,"href":"https:\/\/vocesparalelas.com.ar\/sitio\/wp-json\/wp\/v2\/comments?post=55225"}],"version-history":[{"count":1,"href":"https:\/\/vocesparalelas.com.ar\/sitio\/wp-json\/wp\/v2\/posts\/55225\/revisions"}],"predecessor-version":[{"id":55227,"href":"https:\/\/vocesparalelas.com.ar\/sitio\/wp-json\/wp\/v2\/posts\/55225\/revisions\/55227"}],"wp:featuredmedia":[{"embeddable":true,"href":"https:\/\/vocesparalelas.com.ar\/sitio\/wp-json\/wp\/v2\/media\/48167"}],"wp:attachment":[{"href":"https:\/\/vocesparalelas.com.ar\/sitio\/wp-json\/wp\/v2\/media?parent=55225"}],"wp:term":[{"taxonomy":"category","embeddable":true,"href":"https:\/\/vocesparalelas.com.ar\/sitio\/wp-json\/wp\/v2\/categories?post=55225"},{"taxonomy":"post_tag","embeddable":true,"href":"https:\/\/vocesparalelas.com.ar\/sitio\/wp-json\/wp\/v2\/tags?post=55225"}],"curies":[{"name":"wp","href":"https:\/\/api.w.org\/{rel}","templated":true}]}}