{"id":55221,"date":"2022-12-15T11:39:17","date_gmt":"2022-12-15T14:39:17","guid":{"rendered":"https:\/\/vocesparalelas.com.ar\/sitio\/?p=55221"},"modified":"2022-12-17T01:05:03","modified_gmt":"2022-12-17T04:05:03","slug":"renovacion-de-contratos-y-presentacion-facturas-diciembre-2022-del-personal-de-zonas-alejadas","status":"publish","type":"post","link":"https:\/\/vocesparalelas.com.ar\/sitio\/renovacion-de-contratos-y-presentacion-facturas-diciembre-2022-del-personal-de-zonas-alejadas\/","title":{"rendered":"Renovaci\u00f3n de contratos y presentaci\u00f3n facturas Diciembre 2022 del personal de Zonas Alejadas"},"content":{"rendered":"<p>El Ministerio de Educaci\u00f3n del Gobierno de San Juan informa a las personas que poseen contratos administrativos y de Servicios Generales, porteros, residentes en departamentos alejados, que deben concurrir al establecimiento indicado de acuerdo a la fecha establecida para renovar contrato y presentar factura de Diciembre 2022.<\/p>\n<p><span style=\"color: #339966;\"><strong>Cronograma<\/strong><\/span><\/p>\n<p><img loading=\"lazy\" decoding=\"async\" class=\"alignnone size-full wp-image-55223\" src=\"https:\/\/vocesparalelas.com.ar\/sitio\/wp-content\/uploads\/2022\/12\/EDUCACION-ALEJADAS.jpg\" alt=\"\" width=\"773\" height=\"445\" srcset=\"https:\/\/vocesparalelas.com.ar\/sitio\/wp-content\/uploads\/2022\/12\/EDUCACION-ALEJADAS.jpg 773w, https:\/\/vocesparalelas.com.ar\/sitio\/wp-content\/uploads\/2022\/12\/EDUCACION-ALEJADAS-300x173.jpg 300w, https:\/\/vocesparalelas.com.ar\/sitio\/wp-content\/uploads\/2022\/12\/EDUCACION-ALEJADAS-768x442.jpg 768w\" sizes=\"auto, (max-width: 773px) 100vw, 773px\" \/><\/p>\n<div class=\"itemFullText\">\n<p><span style=\"color: #339966;\"><strong>Documentaci\u00f3n requerida<\/strong><\/span><\/p>\n<ol>\n<li>Dos (2) fotocopias legibles de DNI tarjeta (cara y reverso), legalizadas.<\/li>\n<li>Constancia de inscripci\u00f3n de AFIP actualizada, donde conste la inscripci\u00f3n en Ingresos Brutos a trav\u00e9s de la leyenda \u201cR\u00e9gimen simplificado impuesto sobre los ingresos brutos San Juan &#8211; AC\u201d. Adem\u00e1s es indispensable tener como actividad principal \u201cSERVICIOS PERSONALES NCP\u201d.<\/li>\n<li>Certificaci\u00f3n negativa de ANSES actualizada. Ingresando a la p\u00e1gina de ANSES (www.anses.gov.ar).<\/li>\n<\/ol>\n<p>\u2713 En caso de figurar como trabajador en actividad, deber\u00e1 presentar una nota firmada por su empleador, o jefe directo, con el horario y los d\u00edas de trabajo. Si corresponde, presentar declaraci\u00f3n jurada de cargo \/ horas c\u00e1tedras.<\/p>\n<p>\u2713 Si cuenta con alguna prestaci\u00f3n por desempleo, plan social, monotributo social, pensi\u00f3n no contributiva o similar deber\u00e1 darle de baja.<\/p>\n<ol start=\"4\">\n<li>Certificado de Activo de la Administraci\u00f3n P\u00fablica Provincial. El mismo se puede obtener ingresando a la aplicaci\u00f3n \u201cCiudadano Digital\u201d o en la Oficina de Recursos Humanos del Ministerio de Hacienda (Centro C\u00edvico \u2013 2\u00b0 Piso \u2013 N\u00facleo 6).<\/li>\n<li>Personal jubilado o pensionado deber\u00e1 presentar \u00faltimo ticket de cobro o recibo de haberes. El mismo puede obtenerse mediante cajero autom\u00e1tico.<\/li>\n<li>Toda la documentaci\u00f3n exigida debe estar legalizada por su jefe inmediato o directivo.<\/li>\n<\/ol>\n<p><span style=\"color: #339966;\"><strong>Seguro por accidentes laborales<\/strong><\/span><\/p>\n<p>Debe estar actualizado para poder percibir el primer pago del a\u00f1o 2023. Los importes son los siguientes:<\/p>\n<ol>\n<li>Muerte o invalidez total\/parcial por $ 1.000.000<\/li>\n<li>Gastos m\u00e9dicos y farmac\u00e9uticos por $ 50.000<\/li>\n<\/ol>\n<p><strong>Presentaci\u00f3n de facturas per\u00edodo Diciembre 2022<\/strong><\/p>\n<p>En la fecha establecida para la renovaci\u00f3n de contrato, tienen que presentar la Factura Electr\u00f3nica correspondiente a diciembre 2022. Una vez confeccionada deben presentarla a su directivo para que la firme y selle al dorso.<\/p>\n<p><strong>FECHA DE EMISI\u00d3N:<\/strong>\u00a015\/12\/2022<\/p>\n<p><strong>PERIODO FACTURADO:<\/strong>\u00a0DESDE EL 01\/12\/2022 HASTA EL 31\/12\/2022.<\/p>\n<p><strong>VENCIMIENTO:<\/strong>\u00a030\/12\/2022<\/p>\n<p><strong>CUIT GOBIERNO DE LA PROVINCIA:<\/strong>\u00a030-99901516-2<\/p>\n<p><strong>CONDICI\u00d3N FRENTE AL IVA:<\/strong>\u00a0IVA SUJETO EXENTO<\/p>\n<p><strong>CONDICI\u00d3N DE VENTA:<\/strong>\u00a0OTRA<\/p>\n<p><strong>DETALLE:<\/strong>\u00a0Pago de honorarios por Contrato Administrativo de Servicios de Colaboraci\u00f3n correspondiente al mes de DICIEMBRE de 2022.-<\/p>\n<p><strong>MONTO A FACTURAR:<\/strong>\u00a0(Para porteros): $51.000,00.-<\/p>\n<p><strong>CONFORMACI\u00d3N DE FACTURA:<\/strong>\u00a0Al Dorso de la factura (en la parte de atr\u00e1s) deber\u00e1 colocar lo siguiente:<\/p>\n<p>\u201cART\u00cdCULOS 6\u00b0 Y 11\u00ba LEY N\u00ba 793-A. CL\u00c1USULA CUARTA DEL CONTRATO ADMINISTRATIVO DE SERVICIOS DE COLABORACI\u00d3N\u201d.<\/p>\n<p>San Juan 15\/12\/2022. \u2013<\/p>\n<p>Firma y sello del directivo<\/p>\n<p><strong>RESENTACI\u00d3N DE SEGURO:<\/strong>\u00a0constancia de pago de diciembre de 2022, (fotocopia legible con datos del asegurado y legalizada en el frente por el directivo). En caso de presentar el comprobante de pago emitido por el seguro, debe tener fecha de diciembre de 2022. Sin excepci\u00f3n.<\/p>\n<p>En caso de contar con alguna prestaci\u00f3n por desempleo, plan social, monotributo social, pensi\u00f3n no contributiva o similar deber\u00e1 darle de baja. En caso de figurar como trabajador en actividad, deber\u00e1 presentar una nota firmada por su empleador, o jefe directo, con el horario y los d\u00edas de trabajo en esa empresa)<\/p>\n<p>A tener en cuenta sobre el Seguro por accidentes laborales, este tiene que estar actualizado para poder percibir el primer pago del a\u00f1o 2023. Los importes son los siguientes:<\/p>\n<ul>\n<li>Muerte o invalidez total\/parcial por $ 1.000.000<\/li>\n<li>Gastos m\u00e9dicos y farmac\u00e9uticos por $ 50.000<\/li>\n<\/ul>\n<\/div>\n<div class=\"clr\"><\/div>\n<div class=\"itemContentFooter\"><span class=\"itemDateModified\">Publicado el Jueves, 15 de Diciembre de 2022\u00a0<\/span><\/div>\n","protected":false},"excerpt":{"rendered":"<p>El Ministerio de Educaci\u00f3n del Gobierno de San Juan informa a las personas que poseen contratos administrativos y de Servicios<\/p>\n","protected":false},"author":3,"featured_media":37035,"comment_status":"closed","ping_status":"closed","sticky":false,"template":"","format":"standard","meta":{"_acf_changed":false,"_seopress_robots_primary_cat":"none","_seopress_titles_title":"","_seopress_titles_desc":"","_seopress_robots_index":"","colormag_page_container_layout":"default_layout","colormag_page_sidebar_layout":"default_layout","footnotes":""},"categories":[5],"tags":[],"class_list":["post-55221","post","type-post","status-publish","format-standard","has-post-thumbnail","hentry","category-ofrecimientos"],"acf":[],"_links":{"self":[{"href":"https:\/\/vocesparalelas.com.ar\/sitio\/wp-json\/wp\/v2\/posts\/55221","targetHints":{"allow":["GET"]}}],"collection":[{"href":"https:\/\/vocesparalelas.com.ar\/sitio\/wp-json\/wp\/v2\/posts"}],"about":[{"href":"https:\/\/vocesparalelas.com.ar\/sitio\/wp-json\/wp\/v2\/types\/post"}],"author":[{"embeddable":true,"href":"https:\/\/vocesparalelas.com.ar\/sitio\/wp-json\/wp\/v2\/users\/3"}],"replies":[{"embeddable":true,"href":"https:\/\/vocesparalelas.com.ar\/sitio\/wp-json\/wp\/v2\/comments?post=55221"}],"version-history":[{"count":1,"href":"https:\/\/vocesparalelas.com.ar\/sitio\/wp-json\/wp\/v2\/posts\/55221\/revisions"}],"predecessor-version":[{"id":55224,"href":"https:\/\/vocesparalelas.com.ar\/sitio\/wp-json\/wp\/v2\/posts\/55221\/revisions\/55224"}],"wp:featuredmedia":[{"embeddable":true,"href":"https:\/\/vocesparalelas.com.ar\/sitio\/wp-json\/wp\/v2\/media\/37035"}],"wp:attachment":[{"href":"https:\/\/vocesparalelas.com.ar\/sitio\/wp-json\/wp\/v2\/media?parent=55221"}],"wp:term":[{"taxonomy":"category","embeddable":true,"href":"https:\/\/vocesparalelas.com.ar\/sitio\/wp-json\/wp\/v2\/categories?post=55221"},{"taxonomy":"post_tag","embeddable":true,"href":"https:\/\/vocesparalelas.com.ar\/sitio\/wp-json\/wp\/v2\/tags?post=55221"}],"curies":[{"name":"wp","href":"https:\/\/api.w.org\/{rel}","templated":true}]}}