{"id":55166,"date":"2022-12-14T21:31:04","date_gmt":"2022-12-15T00:31:04","guid":{"rendered":"https:\/\/vocesparalelas.com.ar\/sitio\/?p=55166"},"modified":"2022-12-16T13:08:49","modified_gmt":"2022-12-16T16:08:49","slug":"listados-definitivos-del-examen-de-ingreso-en-el-ciclo-basico-2023-a-los-ipu-de-la-unsj","status":"publish","type":"post","link":"https:\/\/vocesparalelas.com.ar\/sitio\/listados-definitivos-del-examen-de-ingreso-en-el-ciclo-basico-2023-a-los-ipu-de-la-unsj\/","title":{"rendered":"Listados definitivos del Examen de Ingreso en el Ciclo B\u00e1sico 2023 a los IPU de la UNSJ"},"content":{"rendered":"<p>Est\u00e1n los listados definitivos del Examen de Ingreso en el Ciclo B\u00e1sico 2023 de los tres Institutos Preuniversitarios de la Universidad Nacional de San Juan<\/p>\n<ul>\n<li>Escuela Industrial \u201cDomingo Faustino Sarmiento\u201d,<\/li>\n<li>Escuela de Comercio \u201cLibertador General San Mart\u00edn\u201d y<\/li>\n<li>Colegio Central Universitario \u201cMariano Moreno\u201d<\/li>\n<\/ul>\n<p>Uno de esos listados indica que hay 559 j\u00f3venes que pueden empezar a ser parte de estos Institutos a partir de 2023.<\/p>\n<p>Listados Definitivos de Ingresantes, de Suplentes, de Ausentes y de No aprobados.<\/p>\n<p><a href=\"https:\/\/www.ccu.unsj.edu.ar\/noticias\/noticia\/330\">https:\/\/www.ccu.unsj.edu.ar\/noticias\/noticia\/330<\/a><\/p>\n<p>Publicado el Mi\u00e9rcoles, 14 de Diciembre de 2022<\/p>\n","protected":false},"excerpt":{"rendered":"<p>Est\u00e1n los listados definitivos del Examen de Ingreso en el Ciclo B\u00e1sico 2023 de los tres Institutos Preuniversitarios de la<\/p>\n","protected":false},"author":3,"featured_media":14442,"comment_status":"closed","ping_status":"closed","sticky":false,"template":"","format":"standard","meta":{"_acf_changed":false,"_seopress_robots_primary_cat":"none","_seopress_titles_title":"","_seopress_titles_desc":"","_seopress_robots_index":"","colormag_page_container_layout":"default_layout","colormag_page_sidebar_layout":"default_layout","footnotes":""},"categories":[5],"tags":[],"class_list":["post-55166","post","type-post","status-publish","format-standard","has-post-thumbnail","hentry","category-ofrecimientos"],"acf":[],"_links":{"self":[{"href":"https:\/\/vocesparalelas.com.ar\/sitio\/wp-json\/wp\/v2\/posts\/55166","targetHints":{"allow":["GET"]}}],"collection":[{"href":"https:\/\/vocesparalelas.com.ar\/sitio\/wp-json\/wp\/v2\/posts"}],"about":[{"href":"https:\/\/vocesparalelas.com.ar\/sitio\/wp-json\/wp\/v2\/types\/post"}],"author":[{"embeddable":true,"href":"https:\/\/vocesparalelas.com.ar\/sitio\/wp-json\/wp\/v2\/users\/3"}],"replies":[{"embeddable":true,"href":"https:\/\/vocesparalelas.com.ar\/sitio\/wp-json\/wp\/v2\/comments?post=55166"}],"version-history":[{"count":1,"href":"https:\/\/vocesparalelas.com.ar\/sitio\/wp-json\/wp\/v2\/posts\/55166\/revisions"}],"predecessor-version":[{"id":55168,"href":"https:\/\/vocesparalelas.com.ar\/sitio\/wp-json\/wp\/v2\/posts\/55166\/revisions\/55168"}],"wp:featuredmedia":[{"embeddable":true,"href":"https:\/\/vocesparalelas.com.ar\/sitio\/wp-json\/wp\/v2\/media\/14442"}],"wp:attachment":[{"href":"https:\/\/vocesparalelas.com.ar\/sitio\/wp-json\/wp\/v2\/media?parent=55166"}],"wp:term":[{"taxonomy":"category","embeddable":true,"href":"https:\/\/vocesparalelas.com.ar\/sitio\/wp-json\/wp\/v2\/categories?post=55166"},{"taxonomy":"post_tag","embeddable":true,"href":"https:\/\/vocesparalelas.com.ar\/sitio\/wp-json\/wp\/v2\/tags?post=55166"}],"curies":[{"name":"wp","href":"https:\/\/api.w.org\/{rel}","templated":true}]}}