{"id":55148,"date":"2022-12-14T13:54:20","date_gmt":"2022-12-14T16:54:20","guid":{"rendered":"https:\/\/vocesparalelas.com.ar\/sitio\/?p=55148"},"modified":"2022-12-16T12:05:25","modified_gmt":"2022-12-16T15:05:25","slug":"se-deposito-fondos-de-conectividad-e-incentivo-docente-noviembre-2022-para-docentes-de-san-juan","status":"publish","type":"post","link":"https:\/\/vocesparalelas.com.ar\/sitio\/se-deposito-fondos-de-conectividad-e-incentivo-docente-noviembre-2022-para-docentes-de-san-juan\/","title":{"rendered":"Se deposit\u00f3 fondos de Conectividad e Incentivo Docente \u00abNoviembre 2022\u00bb para docentes de San Juan"},"content":{"rendered":"<div class=\"itemFullText\">\n<p>El Ministerio de Educaci\u00f3n del Gobierno de San Juan inform\u00f3 que deposit\u00f3 fondos de Conectividad e Incentivo Docente \u00abNoviembre 2022\u00bb en la cuenta bancaria de los docentes y que est\u00e1n disponibles, el Jueves, 15 de Diciembre.<\/p>\n<p>Publicado el Mi\u00e9rcoles, 14 de Diciembre de 2022<\/p>\n<\/div>\n","protected":false},"excerpt":{"rendered":"<p>El Ministerio de Educaci\u00f3n del Gobierno de San Juan inform\u00f3 que deposit\u00f3 fondos de Conectividad e Incentivo Docente \u00abNoviembre 2022\u00bb<\/p>\n","protected":false},"author":3,"featured_media":5039,"comment_status":"closed","ping_status":"closed","sticky":false,"template":"","format":"standard","meta":{"_acf_changed":false,"_seopress_robots_primary_cat":"none","_seopress_titles_title":"","_seopress_titles_desc":"","_seopress_robots_index":"","colormag_page_container_layout":"default_layout","colormag_page_sidebar_layout":"default_layout","footnotes":""},"categories":[6],"tags":[],"class_list":["post-55148","post","type-post","status-publish","format-standard","has-post-thumbnail","hentry","category-eventos"],"acf":[],"_links":{"self":[{"href":"https:\/\/vocesparalelas.com.ar\/sitio\/wp-json\/wp\/v2\/posts\/55148","targetHints":{"allow":["GET"]}}],"collection":[{"href":"https:\/\/vocesparalelas.com.ar\/sitio\/wp-json\/wp\/v2\/posts"}],"about":[{"href":"https:\/\/vocesparalelas.com.ar\/sitio\/wp-json\/wp\/v2\/types\/post"}],"author":[{"embeddable":true,"href":"https:\/\/vocesparalelas.com.ar\/sitio\/wp-json\/wp\/v2\/users\/3"}],"replies":[{"embeddable":true,"href":"https:\/\/vocesparalelas.com.ar\/sitio\/wp-json\/wp\/v2\/comments?post=55148"}],"version-history":[{"count":1,"href":"https:\/\/vocesparalelas.com.ar\/sitio\/wp-json\/wp\/v2\/posts\/55148\/revisions"}],"predecessor-version":[{"id":55150,"href":"https:\/\/vocesparalelas.com.ar\/sitio\/wp-json\/wp\/v2\/posts\/55148\/revisions\/55150"}],"wp:featuredmedia":[{"embeddable":true,"href":"https:\/\/vocesparalelas.com.ar\/sitio\/wp-json\/wp\/v2\/media\/5039"}],"wp:attachment":[{"href":"https:\/\/vocesparalelas.com.ar\/sitio\/wp-json\/wp\/v2\/media?parent=55148"}],"wp:term":[{"taxonomy":"category","embeddable":true,"href":"https:\/\/vocesparalelas.com.ar\/sitio\/wp-json\/wp\/v2\/categories?post=55148"},{"taxonomy":"post_tag","embeddable":true,"href":"https:\/\/vocesparalelas.com.ar\/sitio\/wp-json\/wp\/v2\/tags?post=55148"}],"curies":[{"name":"wp","href":"https:\/\/api.w.org\/{rel}","templated":true}]}}