{"id":55139,"date":"2022-12-13T23:05:17","date_gmt":"2022-12-14T02:05:17","guid":{"rendered":"https:\/\/vocesparalelas.com.ar\/sitio\/?p=55139"},"modified":"2022-12-16T01:05:44","modified_gmt":"2022-12-16T04:05:44","slug":"programa-de-mantenimiento-de-edificios-escolares-2023-para-empresas-de-san-juan","status":"publish","type":"post","link":"https:\/\/vocesparalelas.com.ar\/sitio\/programa-de-mantenimiento-de-edificios-escolares-2023-para-empresas-de-san-juan\/","title":{"rendered":"Programa de Mantenimiento de Edificios Escolares 2023 para empresas de San Juan"},"content":{"rendered":"<div class=\"itemFullText\">\n<p>Luego del receso escolar 2022 y de cara al pr\u00f3ximo ciclo lectivo, el Ministerio de Obras y Servicios P\u00fablicos pone en marcha el Programa de Mantenimiento de Edificios Escolares 2023, a trav\u00e9s de la Direcci\u00f3n de Mantenimiento y Obras Menores.<\/p>\n<p>En este sentido, se lleva a cabo una convocatoria a empresas constructoras que est\u00e9n interesadas en participar de su ejecuci\u00f3n. Para ello deben registrarse en el \u00e1rea de Administraci\u00f3n de Mantenimiento y Obras Menores, ubicada en Av. Espa\u00f1a 1205 sur, en horario de 8 a 13, presentando la siguiente documentaci\u00f3n:<\/p>\n<ol>\n<li>Declaraci\u00f3n Jurada de domicilio legal y electr\u00f3nico, y datos de contacto.<\/li>\n<li>Constancia de Inscripci\u00f3n en la A.FL.P.<\/li>\n<li>Certificado de Cumplimiento Fiscal de emitido por la D.G.R.<\/li>\n<li>Certificado de Inscripci\u00f3n en el R.U.PE.<\/li>\n<li>Certificado Libre Deuda Residual Banco San Juan.<\/li>\n<li>Declaraci\u00f3n Jurada F. 931 (empleador).<\/li>\n<li>Declaraci\u00f3n Jurada F.522\/A.<\/li>\n<li>Acreditaci\u00f3n de la existencia y vigencia de la persona oferente debiendo acompa\u00f1ar en caso de ser persona f\u00edsica, fotocopia de su D.N.I. y en caso de persona jur\u00eddica, la inscripci\u00f3n en el Registro P\u00fablico de Comercio o de Personas Jur\u00eddicas conforme corresponda, debiendo adjuntar copias del Contrato Social o los Estatutos Sociales.<\/li>\n<li>Constancia de Inscripci\u00f3n en el Registro de Constructores, con vencimiento Marzo del 2023.<\/li>\n<li>Certificado de Empleador emitido por IERIC.<\/li>\n<li>Designaci\u00f3n del Representante T\u00e9cnico, fotocopia del DNty Certificado de Matriculaci\u00f3n en el Consejo o Colegio Profesional correspondiente.<\/li>\n<\/ol>\n<p>Para m\u00e1s informaci\u00f3n y\/o consultas al respecto, los interesados deber\u00e1n comunicarse al siguiente correo:\u00a0<span id=\"cloak6b7f66b0805e977cfa584a0da4e4fcec\"><a href=\"mailto:dirobrasmenores@gmail.com\">dirobrasmenores@gmail.com<\/a><\/span><\/p>\n<\/div>\n<div class=\"clr\">Publicado el Martes, 13 de Diciembre de 2022<\/div>\n","protected":false},"excerpt":{"rendered":"<p>Luego del receso escolar 2022 y de cara al pr\u00f3ximo ciclo lectivo, el Ministerio de Obras y Servicios P\u00fablicos pone<\/p>\n","protected":false},"author":3,"featured_media":33367,"comment_status":"closed","ping_status":"closed","sticky":false,"template":"","format":"standard","meta":{"_acf_changed":false,"_seopress_robots_primary_cat":"none","_seopress_titles_title":"","_seopress_titles_desc":"","_seopress_robots_index":"","colormag_page_container_layout":"default_layout","colormag_page_sidebar_layout":"default_layout","footnotes":""},"categories":[2],"tags":[],"class_list":["post-55139","post","type-post","status-publish","format-standard","has-post-thumbnail","hentry","category-convocatorias"],"acf":[],"_links":{"self":[{"href":"https:\/\/vocesparalelas.com.ar\/sitio\/wp-json\/wp\/v2\/posts\/55139","targetHints":{"allow":["GET"]}}],"collection":[{"href":"https:\/\/vocesparalelas.com.ar\/sitio\/wp-json\/wp\/v2\/posts"}],"about":[{"href":"https:\/\/vocesparalelas.com.ar\/sitio\/wp-json\/wp\/v2\/types\/post"}],"author":[{"embeddable":true,"href":"https:\/\/vocesparalelas.com.ar\/sitio\/wp-json\/wp\/v2\/users\/3"}],"replies":[{"embeddable":true,"href":"https:\/\/vocesparalelas.com.ar\/sitio\/wp-json\/wp\/v2\/comments?post=55139"}],"version-history":[{"count":1,"href":"https:\/\/vocesparalelas.com.ar\/sitio\/wp-json\/wp\/v2\/posts\/55139\/revisions"}],"predecessor-version":[{"id":55141,"href":"https:\/\/vocesparalelas.com.ar\/sitio\/wp-json\/wp\/v2\/posts\/55139\/revisions\/55141"}],"wp:featuredmedia":[{"embeddable":true,"href":"https:\/\/vocesparalelas.com.ar\/sitio\/wp-json\/wp\/v2\/media\/33367"}],"wp:attachment":[{"href":"https:\/\/vocesparalelas.com.ar\/sitio\/wp-json\/wp\/v2\/media?parent=55139"}],"wp:term":[{"taxonomy":"category","embeddable":true,"href":"https:\/\/vocesparalelas.com.ar\/sitio\/wp-json\/wp\/v2\/categories?post=55139"},{"taxonomy":"post_tag","embeddable":true,"href":"https:\/\/vocesparalelas.com.ar\/sitio\/wp-json\/wp\/v2\/tags?post=55139"}],"curies":[{"name":"wp","href":"https:\/\/api.w.org\/{rel}","templated":true}]}}