{"id":55116,"date":"2022-12-12T22:06:36","date_gmt":"2022-12-13T01:06:36","guid":{"rendered":"https:\/\/vocesparalelas.com.ar\/sitio\/?p=55116"},"modified":"2022-12-16T12:06:21","modified_gmt":"2022-12-16T15:06:21","slug":"cierre-de-la-temporada-2022-del-mpbafr-con-importantes-muestras","status":"publish","type":"post","link":"https:\/\/vocesparalelas.com.ar\/sitio\/cierre-de-la-temporada-2022-del-mpbafr-con-importantes-muestras\/","title":{"rendered":"Cierre de la temporada 2022 del MPBAFR con importantes muestras"},"content":{"rendered":"<div class=\"itemFullText\">\n<p>El Museo Provincial de Bellas Artes Franklin Rawson del Ministerio de Turismo y Cultura del Gobierno de San Juan realiza el cierre de temporada con la inauguraci\u00f3n de importantes muestras en sus tres salas y Foyer, el Viernes, 16 de Diciembre, a las 20 hs., con el show de la banda de funk rock \u201cMazunte\u201d, con entrada libre y gratuita.<\/p>\n<p>Las obras que se presentan<\/p>\n<p>Sala 1, Paisaje. Lectura de la Colecci\u00f3n 4, una muestra conformada por 25 obras del acervo patrimonial, recientemente restauradas. La exposici\u00f3n se dise\u00f1\u00f3 como continuidad de relato de la muestra, Lectura de la Colecci\u00f3n 3, que se present\u00f3 en marzo 2021, retoma el objetivo de subrayar el concepto de g\u00e9nero paisaje, desde la pintura de sal\u00f3n en el pasado siglo. Actualizando el relato desde la articulaci\u00f3n fragmentaria de textos en contig\u00fcidad espacial con las obras en la sala.<\/p>\n<p>Con curadur\u00eda de Roberto Amigo y Alberto S\u00e1nchez, la muestra propone una dicotom\u00eda,\u00a0una manera poco habitual de analizar la imagen desde textos literarios, que acompa\u00f1an\u00a0e interpelan las obras desde el lugar que asume el espectador en la experiencia de\u00a0di\u00e1logo. Conexiones libres, atemporales, desestructuradas e inesperadas surgen de\u00a0forma espont\u00e1nea en la triada espectador-obra-texto.<\/p>\n<p>En palabras del director, Emanuel Diaz Ruiz, \u201cla propuesta del Museo Franklin Rawson\u00a0actualiza su pol\u00edtica institucional de trabajo con acervo, y centra su b\u00fasqueda activa en\u00a0diferentes miradas sobre la colecci\u00f3n, como una manera de enriquecer el patrimonio\u00a0desde la evoluci\u00f3n de un ritual historicista, que invita a leer y reinterpretarse\u201d<\/p>\n<p>La raz\u00f3n sensitiva. Menciones Bienal de Dibujo 2022, en sala 2,\u00a0destaca en la escena nacional y regional, la expansi\u00f3n y\u00a0reconfiguraci\u00f3n del campo tradicional de la disciplina del dibujo y sit\u00faa en San Juan la\u00a0posibilidad de seguir gestando un campo transformador que referencie la tendencia\u00a0experimental desde la cual nuestros artistas apuestan a la convivencia de sus tramas\u00a0creadoras.<\/p>\n<p>Los tres artistas galardonados con menciones honor\u00edficas en la pasada edici\u00f3n de la\u00a0Segunda Bienal Nacional de Dibujo en 2021, se unen bajo la curadur\u00eda de Eduardo\u00a0Stup\u00eda. El sugestivo di\u00e1logo de los autores genera encuentros, cruce de signos, una ruta\u00a0inequ\u00edvoca de experiencias y memorias que dan sustento al dise\u00f1o constructivo del\u00a0lenguaje del dibujo y sus derivados.<\/p>\n<p>Los artistas &#8211; Mar\u00eda Lucila Mari, Cecilia Rabbi Baldi, Jorge Sarsale &#8211; exhiben, a\u00a0trav\u00e9s de sus obras, el modo en que esa disciplina que llamamos tradicionalmente dibujo\u00a0se ha transformado, reconfigurado y expandido seg\u00fan el influjo de las heterog\u00e9neas\u00a0tendencias que definen el universo del arte contempor\u00e1neo, manteniendo no obstante\u00a0sus rasgos esenciales, a\u00fan en la multiplicidad de herramientas, formatos, t\u00e9cnicas y\u00a0po\u00e9ticas.<\/p>\n<p>Sala 3, el MPBAFR invita a visitar la muestra que re\u00fane las producciones de los 30 artistas seleccionados en la edici\u00f3n 2022 del Premio Franklin Rawson a las Artes Visuales, con curadur\u00eda de Mariana Olivares.<\/p>\n<p>El Museo Franklin Rawson y Fundaci\u00f3n Banco San Juan convoc\u00f3 por tercer a\u00f1o\u00a0consecutivo al certamen que incorpora valiosas piezas al patrimonio provincial, y\u00a0premia la producci\u00f3n de los artistas que se dan cita en una propuesta que crece en\u00a0repercusiones. Reforzar pol\u00edticas culturales, es idear posibilidades de acercamiento entre\u00a0cultura y sociedad, en la inagotable b\u00fasqueda por escribir una historia del arte regional.<\/p>\n<p>La tercera edici\u00f3n del Premio Franklin Rawson a las Artes Visuales, asume el\u00a0compromiso de sostener espacios que promuevan la actividad de la comunidad art\u00edstica,\u00a0generar instancias de di\u00e1logo reflexivo en el abordaje de problem\u00e1ticas contempor\u00e1neas,\u00a0destacar po\u00e9ticas que permitan comprender la actualizaci\u00f3n de lenguajes, materialidades\u00a0y lecturas. La s\u00f3lida base de este proyecto, nos hace comprender que la activaci\u00f3n del\u00a0pensamiento art\u00edstico y la dinamizaci\u00f3n del espacio museo, se gesta desde la\u00a0potencialidad de la escena, desde el esfuerzo autogestivo y colectivo de artistas que promueven el arte en San Juan.<\/p>\n<p>Artistas: Adela Cort\u00ednez; Adriana Miranda; Agostina Furi\u00f3; Alejandro\u00a0Mart\u00ednez; Alfredo Dufour; Andr\u00e9s Labak\u00e9; Carlos Gonz\u00e1lez Guti\u00e9rrez; Cecilia\u00a0Rabbi Baldi; Daniel Basa\u00f1es; Enzo Luciano; Franco Tello; Franco M\u00e9ndez;\u00a0Gerardo Mureddu; Gustavo Ant\u00fanez; Laura Banga; Laura Ramos Santamar\u00eda;\u00a0Leonardo S\u00e1nchez; Luciana Accoroni; Luisina Fava; Marcos Diaz Rossi; Mariana\u00a0Ju\u00e1rez; Sof\u00eda Manrique; Mart\u00edn Fern\u00e1ndez; Martina Villegas; Mat\u00edas Ruarte;\u00a0Ariel Aballay; Nicol\u00e1s Castagna; Paula Gaetano; Santiago Molina; Silvina\u00a0Mart\u00ednez.<\/p>\n<p>En el Foyer el museo exhibir\u00e1 producciones de Arte Textil y Joyer\u00eda contempor\u00e1nea, los\u00a0objetos son el producto de experiencias individuales y grupales del proyecto de investigaci\u00f3n CICITCA &#8211; UNSJ denominado \u201cLaboratorio de arte textil y joyer\u00eda\u00a0contempor\u00e1nea: po\u00e9ticas sobre el territorio de San Juan\u201d realizado durante tres a\u00f1os de\u00a0trabajo. Las po\u00e9ticas que derivan del desierto re\u00fanen un conjunto de obras que transitan\u00a0en los l\u00edmites de los lenguajes art\u00edsticos, entre la forma y funci\u00f3n de los objetos, entre la construcci\u00f3n del paisaje romantizado y el encuentro con el desierto lindante.<\/p>\n<p>Las obras dialogan con el territorio local, sus paisajes y geograf\u00eda caracterizadas por la\u00a0aridez y las pr\u00e1cticas culturales tradicionales olvidadas y marginadas del campo art\u00edstico\u00a0contempor\u00e1neo. Los procesos investigativos tomaron diversos rumbos en torno a lo que\u00a0resiste y a lo ef\u00edmero, las transformaciones y los ciclos, la fragilidad de lo vivo frente al\u00a0imponente terreno \u00e1rido, monta\u00f1oso, c\u00e1lido y ventoso. En las exploraciones cobraron\u00a0relevancia de las plantas nativas con sus semillas, flores y tintes. Los artefactos aqu\u00ed\u00a0expuestos proponen un di\u00e1logo con el p\u00fablico sobre el territorio, las formas de pensarlo,\u00a0imaginarlo y construirlo.<\/p>\n<p>Artistas: Graciela P\u00e9rez, Ivana Goya Gabriela Riveros, Federico Levato,\u00a0Valentina Fojo, Cecilia Fern\u00e1ndez, Alba S\u00e1nchez<\/p>\n<p>&nbsp;<\/p>\n<\/div>\n<div class=\"clr\">Publicado el Lunes, 12 de Diciembre de 2022<\/div>\n","protected":false},"excerpt":{"rendered":"<p>El Museo Provincial de Bellas Artes Franklin Rawson del Ministerio de Turismo y Cultura del Gobierno de San Juan realiza<\/p>\n","protected":false},"author":3,"featured_media":39924,"comment_status":"closed","ping_status":"closed","sticky":false,"template":"","format":"standard","meta":{"_acf_changed":false,"_seopress_robots_primary_cat":"none","_seopress_titles_title":"","_seopress_titles_desc":"","_seopress_robots_index":"","colormag_page_container_layout":"default_layout","colormag_page_sidebar_layout":"default_layout","footnotes":""},"categories":[20],"tags":[],"class_list":["post-55116","post","type-post","status-publish","format-standard","has-post-thumbnail","hentry","category-cartelera"],"acf":[],"_links":{"self":[{"href":"https:\/\/vocesparalelas.com.ar\/sitio\/wp-json\/wp\/v2\/posts\/55116","targetHints":{"allow":["GET"]}}],"collection":[{"href":"https:\/\/vocesparalelas.com.ar\/sitio\/wp-json\/wp\/v2\/posts"}],"about":[{"href":"https:\/\/vocesparalelas.com.ar\/sitio\/wp-json\/wp\/v2\/types\/post"}],"author":[{"embeddable":true,"href":"https:\/\/vocesparalelas.com.ar\/sitio\/wp-json\/wp\/v2\/users\/3"}],"replies":[{"embeddable":true,"href":"https:\/\/vocesparalelas.com.ar\/sitio\/wp-json\/wp\/v2\/comments?post=55116"}],"version-history":[{"count":1,"href":"https:\/\/vocesparalelas.com.ar\/sitio\/wp-json\/wp\/v2\/posts\/55116\/revisions"}],"predecessor-version":[{"id":55118,"href":"https:\/\/vocesparalelas.com.ar\/sitio\/wp-json\/wp\/v2\/posts\/55116\/revisions\/55118"}],"wp:featuredmedia":[{"embeddable":true,"href":"https:\/\/vocesparalelas.com.ar\/sitio\/wp-json\/wp\/v2\/media\/39924"}],"wp:attachment":[{"href":"https:\/\/vocesparalelas.com.ar\/sitio\/wp-json\/wp\/v2\/media?parent=55116"}],"wp:term":[{"taxonomy":"category","embeddable":true,"href":"https:\/\/vocesparalelas.com.ar\/sitio\/wp-json\/wp\/v2\/categories?post=55116"},{"taxonomy":"post_tag","embeddable":true,"href":"https:\/\/vocesparalelas.com.ar\/sitio\/wp-json\/wp\/v2\/tags?post=55116"}],"curies":[{"name":"wp","href":"https:\/\/api.w.org\/{rel}","templated":true}]}}