{"id":55103,"date":"2022-12-07T22:49:56","date_gmt":"2022-12-08T01:49:56","guid":{"rendered":"https:\/\/vocesparalelas.com.ar\/sitio\/?p=55103"},"modified":"2022-12-08T00:50:11","modified_gmt":"2022-12-08T03:50:11","slug":"maria-inmaculada-ven-con-nosotros-a-caminar","status":"publish","type":"post","link":"https:\/\/vocesparalelas.com.ar\/sitio\/maria-inmaculada-ven-con-nosotros-a-caminar\/","title":{"rendered":"\u201cMar\u00eda Inmaculada, ven con nosotros a caminar\u201d"},"content":{"rendered":"<p>En el marco de la novena y fiesta en honor a la Inmaculada Concepci\u00f3n de Mar\u00eda y el 45\u00b0 aniversario de la Parroquia como Santuario Arquidiocesano de la Inmaculada Concepci\u00f3n, invitamos a todos a participar el 8 de diciembre de la Fiesta Patronal de la Virgen.<\/p>\n<p>La Novena tuvo como caracter\u00edstica el tema de la \u201cPeregrinaci\u00f3n\u201d, llegaron a rezar y dar gracias \u00a0personas y comunidades de todas las parroquias de San Juan<\/p>\n<p>El Jueves, 8 de Diciembre, la primer Misa del d\u00eda ser\u00e1 a las 00hs, luego a las 5 de la ma\u00f1ana se realizar\u00e1 la tradicional <em>procesi\u00f3n<\/em> con la imagen de la Virgen desde el Colegio Santa Rosa con la presencia de Mons. Gustavo Larraz\u00e1bal, y en el Santuario se celebrar\u00e1n \u00a0Misas a las 6hs, 7.30hs, 9hs, 11hs. Durante la tarde, \u00a0a las 19hs comenzar\u00e1 \u00a0la procesi\u00f3n solemne y Misa de la tarde, a las 20 hs.<\/p>\n<p><span style=\"color: #339966;\"><strong>Para ganar indulgencia Plenaria<\/strong><\/span><\/p>\n<p>Requisitos:<\/p>\n<ul>\n<li>Peregrinar al Santuario entre el 29\/11 al 8\/12<\/li>\n<li>Confesarse sacramentalmente<\/li>\n<li>Asistir a Misa y comulgar<\/li>\n<li>Rezar por las intenciones del Papa Francisco y el Credo<\/li>\n<\/ul>\n<p><strong><span style=\"color: #339966;\"><u>\u00bfQu\u00e9 es un Santuario?<\/u><\/span><\/strong><\/p>\n<p>El Santuario, es un punto de uni\u00f3n entre el cielo y la tierra. Las letan\u00edas nombran a Mar\u00eda como Casa de oro, Arca de la Alianza, Puerta del cielo. iQu\u00e9 alegr\u00eda sentimos con el salmista cuando nos dicen: \u00abVamos a la Casa del Se\u00f1or\u00bb! (Sal 121). Peregrinar es redescubrir que con Mar\u00eda somos ciudadanos del cielo (Fil 3, 20).<\/p>\n<p><strong><span style=\"color: #339966;\"><u>Historia<\/u><\/span><\/strong><\/p>\n<p>A mediados del siglo XVII se establece un Oratorio con el t\u00edtulo Inmaculada Concepci\u00f3n, en un lugar cercano a la Plaza\u00a0 donde fue\u00a0 Fundada la Provincia de San Juan. La devoci\u00f3n se arraig\u00f3 profundamente en el SXVIII, seguramente gracias al Padre Don Sim\u00f3n Tadeo de D\u00edaz y los fieles del Pueblo Viejo.<\/p>\n<p>El Dogma de la Inmaculada Concepci\u00f3n de Mar\u00eda es definido Solemnemente a trav\u00e9s la Bula Inefffabilis Deus el 8 de diciembre de 1854, afirm\u00f3 lo siguiente:\u201d\u2026 declaramos, proclamamos y definimos que la doctrina que sostiene que la beat\u00edsima Virgen Mar\u00eda fue preservada inmune de toda mancha de la culpa original en el primer instante de su concepci\u00f3n por singular gracia y privilegio de Dios Omnipotente, en atenci\u00f3n a los m\u00e9ritos de Cristo Jes\u00fas Salvador del g\u00e9nero humano, est\u00e1 revelada por Dios y debe ser por tanto firme y constantemente cre\u00edda por todos los fieles\u2026\u201d<\/p>\n<p>Es decir que declaraba que la Virgen fue preservada del pecado original. Esta devoci\u00f3n fue durante siglos cre\u00edda y celebrada por los fieles. Hoy renovamos peregrinando hacia el Templo, esta devoci\u00f3n de la pureza que adorn\u00f3 a la Virgen en su coraz\u00f3n y en su cuerpo. Ella, la sin mancha nos acoge y anima a configurarnos con su Hijo. Vivamos este tiempo de Adviento preparando nuestro Coraz\u00f3n para recibir y celebrar el misterio de nuestra fe.<\/p>\n<p>Publicado el Mi\u00e9rcoles, 07 de Diciembre de 2022<\/p>\n","protected":false},"excerpt":{"rendered":"<p>En el marco de la novena y fiesta en honor a la Inmaculada Concepci\u00f3n de Mar\u00eda y el 45\u00b0 aniversario<\/p>\n","protected":false},"author":3,"featured_media":55105,"comment_status":"closed","ping_status":"closed","sticky":false,"template":"","format":"standard","meta":{"_acf_changed":false,"_seopress_robots_primary_cat":"none","_seopress_titles_title":"","_seopress_titles_desc":"","_seopress_robots_index":"","colormag_page_container_layout":"default_layout","colormag_page_sidebar_layout":"default_layout","footnotes":""},"categories":[1],"tags":[],"class_list":["post-55103","post","type-post","status-publish","format-standard","has-post-thumbnail","hentry","category-destacadas"],"acf":[],"_links":{"self":[{"href":"https:\/\/vocesparalelas.com.ar\/sitio\/wp-json\/wp\/v2\/posts\/55103","targetHints":{"allow":["GET"]}}],"collection":[{"href":"https:\/\/vocesparalelas.com.ar\/sitio\/wp-json\/wp\/v2\/posts"}],"about":[{"href":"https:\/\/vocesparalelas.com.ar\/sitio\/wp-json\/wp\/v2\/types\/post"}],"author":[{"embeddable":true,"href":"https:\/\/vocesparalelas.com.ar\/sitio\/wp-json\/wp\/v2\/users\/3"}],"replies":[{"embeddable":true,"href":"https:\/\/vocesparalelas.com.ar\/sitio\/wp-json\/wp\/v2\/comments?post=55103"}],"version-history":[{"count":1,"href":"https:\/\/vocesparalelas.com.ar\/sitio\/wp-json\/wp\/v2\/posts\/55103\/revisions"}],"predecessor-version":[{"id":55106,"href":"https:\/\/vocesparalelas.com.ar\/sitio\/wp-json\/wp\/v2\/posts\/55103\/revisions\/55106"}],"wp:featuredmedia":[{"embeddable":true,"href":"https:\/\/vocesparalelas.com.ar\/sitio\/wp-json\/wp\/v2\/media\/55105"}],"wp:attachment":[{"href":"https:\/\/vocesparalelas.com.ar\/sitio\/wp-json\/wp\/v2\/media?parent=55103"}],"wp:term":[{"taxonomy":"category","embeddable":true,"href":"https:\/\/vocesparalelas.com.ar\/sitio\/wp-json\/wp\/v2\/categories?post=55103"},{"taxonomy":"post_tag","embeddable":true,"href":"https:\/\/vocesparalelas.com.ar\/sitio\/wp-json\/wp\/v2\/tags?post=55103"}],"curies":[{"name":"wp","href":"https:\/\/api.w.org\/{rel}","templated":true}]}}