{"id":55094,"date":"2022-12-07T22:22:22","date_gmt":"2022-12-08T01:22:22","guid":{"rendered":"https:\/\/vocesparalelas.com.ar\/sitio\/?p=55094"},"modified":"2022-12-08T00:22:38","modified_gmt":"2022-12-08T03:22:38","slug":"reabrieron-el-paso-internacional-de-agua-negra-temporada-2022-2023","status":"publish","type":"post","link":"https:\/\/vocesparalelas.com.ar\/sitio\/reabrieron-el-paso-internacional-de-agua-negra-temporada-2022-2023\/","title":{"rendered":"Reabrieron el \u201cPaso Internacional de Agua Negra\u201d Temporada 2022-2023"},"content":{"rendered":"<p>Autoridades de San Juan de la Rep\u00fablica Argentina y de Coquimbo de la Rep\u00fablica de Chile, dejaron inaugurado el Paso Internacional de Agua Negra, Temporada 2022 \u2013 2023 en una ceremonia realizada en el l\u00edmite internacional.<\/p>\n<p><strong><span style=\"color: #0000ff;\">Delegaci\u00f3n del Gobierno de San Juan<\/span><\/strong><\/p>\n<p>La actividad fue presidida por el gobernador de San Juan, Dr. Sergio U\u00f1ac, acompa\u00f1ado por el vicegobernador CPN Roberto Gattoni; los ministros de Gobierno, Dr. Alberto Hensel; de Obras y Servicios P\u00fablicos, Ing. Julio Ortiz Andino y de Turismo y Cultura, Lic. Claudia Grynszpan; los secretarios de Estado de Ambiente y Desarrollo Sustentable, Francisco Guevara; de Ciencia, Tecnolog\u00eda e Innovaci\u00f3n, Ing. Marita Benavente; el secretario de Relaciones Institucionales, Lic. Marcelo Fretes; los intendentes de Iglesia, Dr. Jorge Espejo y de Ullum, Leopoldo Soler; el director del Noveno Distrito de Vialidad Nacional, Ing. Jorge Deiana; representantes de Vialidad Provincial; diputados provinciales de Iglesia, Enrique Monta\u00f1o y Mauro Marinero; delegaci\u00f3n de Senasa y autoridades de Gendarmer\u00eda Nacional.<\/p>\n<p><strong><span style=\"color: #ff0000;\">Delegaci\u00f3n del Gobierno de Coquimbo<\/span><\/strong><\/p>\n<p>Asimismo, la delegaci\u00f3n chilena estuvo compuesta por el delegado presidencial regional, Rub\u00e9n Quezada Gaete; el senador Daniel N\u00fa\u00f1ez; los consejeros regionales Wladimir Pleticosic; Tatiana Castillo, Nicol\u00e1s Ledesma; el representante de Obras P\u00fablicas, Daniel Sandoval; de Salud, Paola Salas; el director regional de Vialidad; V\u00edctor Gonz\u00e1lez; la directora regional del Sernatur, Ang\u00e9lica Funes; la directora regional del Servicio Agr\u00edcola y Ganadero, Pamela Araya; el jefe de la Cuarta Zona de Carabineros, Juan Mu\u00f1oz; el jefe regional de Polic\u00eda de Investigaciones, Jos\u00e9 Carrasco y tambi\u00e9n acompa\u00f1an los alcaldes de comunas.<\/p>\n<p>En este marco, con la presencia de autoridades de ambos pa\u00edses en el l\u00edmite binacional, se desarroll\u00f3 el acto que dej\u00f3 oficialmente abierto el paso hacia y desde el vecino pa\u00eds.<\/p>\n<p>En el comienzo, se escucharon las estrofas de los himnos de ambos pa\u00edses y se realiz\u00f3 el corte de cintas que marc\u00f3 la inauguraci\u00f3n del cruce internacional tras la labor de los organismos argentinos que garantizaron el correcto funcionamiento del lugar a trav\u00e9s de distintos trabajos de mejoramiento para la circulaci\u00f3n de los veh\u00edculos.<\/p>\n<p>De tal manera, los trabajos realizados por parte de la Provincia de San Juan incluyen la concreci\u00f3n de 28 kil\u00f3metros de asfalto nuevo, con lo que se totalizan casi 56 km en impecables condiciones a partir del control fronterizo y mejoramiento de la infraestructura de la sede de la Aduana, entre otros adelantos. En este contexto, cabe destacar que la apertura del paso contribuye al desarrollo econ\u00f3mico y la integraci\u00f3n de ambos pa\u00edses, a la vez que permite el intercambio de gran cantidad de turistas al a\u00f1o.<\/p>\n<p>Adem\u00e1s, el ministro agreg\u00f3 que \u201cpediremos a Chile que siga acompa\u00f1\u00e1ndonos en el Proyecto T\u00fanel de Agua Negra\u201d y cerr\u00f3 manifestando el deseo de que en el 2023 se realicen obras en torno a la obra mencionada.<\/p>\n<p>Seguidamente,\u00a0Quezada Gaetedetall\u00f3 que la idea de las autoridades coquimbanas \u201ces poder avanzar en esto, hacerlo m\u00e1s all\u00e1 de los anuncios, de manera concreta, fortalecer este paso, generar una agenda de integraci\u00f3n s\u00f3lida y fecunda que nos permita ir avanzando en estos proyectos qua ya requieren inversi\u00f3n nacional, internacional, que transcienden nuestros gobierno y si no tienen ra\u00edces firmes, finalmente ocurren que quedan a medio camino\u201d.<\/p>\n<p>Para referirse a la apertura del camino,\u00a0U\u00f1ac\u00a0expres\u00f3: \u201cVolvemos a tener el paso otra vez abierto, volvemos a invitar a sanjuaninos para que visiten Coquimbo y volvemos a invitar a coquimbanos para que visiten San Juan y a partir de ah\u00ed la invitaci\u00f3n para todos los que habitan las rep\u00fablicas de Chile y Argentina, para consolidar este paso haciendo uso del mismo y seguir sumando tramos correspondientes\u201d.<\/p>\n<p>Siguiendo, el primer mandatario sanjuanino se refiri\u00f3 a la expectativa de ambos pa\u00edses de seguir so\u00f1ando con grandes proyectos, teniendo como primer objetivo la consolidaci\u00f3n de parte de la pavimentaci\u00f3n de los tramos existentes y los que son de tierra\u201d.<\/p>\n<p>Sobre el T\u00fanel de Agua Negra dijo que \u201ces un gran sue\u00f1o, pero consideramos que hay pasos que tenemos que dar en lo previo, como la consolidaci\u00f3n del paso con la respectiva pavimentaci\u00f3n, algo significativo y a lo cual estamos abocados\u201d, agreg\u00f3.<\/p>\n<p>Luego, el gobernador se refiri\u00f3 a la importante presencia de sanjuaninos que veranean en Coquimbo e invit\u00f3 a los trasandinos a visitar a la provincia, destacando como atractivos el torneo de verano de f\u00fatbol, la Vuelta Cicl\u00edstica a San Juan, con los mejores equipos del mundo y la Fiesta del Sol\u201d.<\/p>\n<p>Para culminar, U\u00f1ac destac\u00f3 la labor de ambas vialidades, tanto de Chile como de Argentina, \u00abque han hecho un trabajo fenomenal para que el paso est\u00e9 en las condiciones en las que ha quedado\u201d.<\/p>\n<p>Por su parte,\u00a0Ortiz Andino\u00a0brind\u00f3 detalles de la pavimentaci\u00f3n de 28 km desde Las Flores hasta Pe\u00f1asquito, que inaugurar\u00e1n en breve.<\/p>\n<p>Continuando, dijo que \u201cnosotros vamos a estar con el paso abierto hasta que nos den las condiciones clim\u00e1ticas, ser\u00e1 hasta fines del mes de marzo o principios de abril pero va a depender mucho de las condiciones clim\u00e1ticas y del estado del propio paso\u201d.<\/p>\n<p>\u201cTenemos agendas que son nacionales primero, que tienen que ser en conjunto e impulsada desde ambos gobiernos regionales. Tenemos consejeros regionales que est\u00e1n apoyando las medidas de integraci\u00f3n, necesitamos unir las voces para generar un impulso com\u00fan\u201d, finaliz\u00f3.<\/p>\n<p>A continuaci\u00f3n,\u00a0Pleticosichizo hincapi\u00e9 que para la regi\u00f3n de Coquimbo la integraci\u00f3n es fundamental para el desarrollo de ambos pueblos. \u201cEs una prioridad entender que nuestro futuro y el de San Juan van de la mano. En este proceso, hemos generado un territorio solidario y tecnol\u00f3gico entre Coquimbo y San Juan, lo que se traduce en integraci\u00f3n f\u00edsica, cultural, social, econ\u00f3mica y otras. Hoy demostramos que la integraci\u00f3n es posible\u201d, detall\u00f3.<\/p>\n<p>Para concluir, el funcionario manifest\u00f3 que \u201cel futuro para ambos pueblos est\u00e1 en este paso, en consolidar el T\u00fanel Agua Negra, el Corredor Bioce\u00e1nico y entender que el Cono Sur de Latinoam\u00e9rica necesita de ambas regiones para desarrollarse como pueblos hermanos. Sigamos buscando la integraci\u00f3n en el progreso y el desarrollo conjuntos\u201d.<\/p>\n<div class=\"itemFullText\">\n<p>En este punto, cabe mencionar que el Paso de Agua Negra representa un importante punto de conexi\u00f3n entre la Regi\u00f3n de Coquimbo, Rep\u00fablica de Chile y la provincia de San Juan, Rep\u00fablica Argentina.<\/p>\n<\/div>\n<div class=\"clr\"><\/div>\n<div class=\"itemContentFooter\"><span class=\"itemDateModified\">Publicado el Mi\u00e9rcoles, 07 de Diciembre de 2022\u00a0<\/span><\/div>\n<p>&nbsp;<\/p>\n","protected":false},"excerpt":{"rendered":"<p>Autoridades de San Juan de la Rep\u00fablica Argentina y de Coquimbo de la Rep\u00fablica de Chile, dejaron inaugurado el Paso<\/p>\n","protected":false},"author":3,"featured_media":55096,"comment_status":"closed","ping_status":"closed","sticky":false,"template":"","format":"standard","meta":{"_acf_changed":false,"_seopress_robots_primary_cat":"none","_seopress_titles_title":"","_seopress_titles_desc":"","_seopress_robots_index":"","colormag_page_container_layout":"default_layout","colormag_page_sidebar_layout":"default_layout","footnotes":""},"categories":[1],"tags":[],"class_list":["post-55094","post","type-post","status-publish","format-standard","has-post-thumbnail","hentry","category-destacadas"],"acf":[],"_links":{"self":[{"href":"https:\/\/vocesparalelas.com.ar\/sitio\/wp-json\/wp\/v2\/posts\/55094","targetHints":{"allow":["GET"]}}],"collection":[{"href":"https:\/\/vocesparalelas.com.ar\/sitio\/wp-json\/wp\/v2\/posts"}],"about":[{"href":"https:\/\/vocesparalelas.com.ar\/sitio\/wp-json\/wp\/v2\/types\/post"}],"author":[{"embeddable":true,"href":"https:\/\/vocesparalelas.com.ar\/sitio\/wp-json\/wp\/v2\/users\/3"}],"replies":[{"embeddable":true,"href":"https:\/\/vocesparalelas.com.ar\/sitio\/wp-json\/wp\/v2\/comments?post=55094"}],"version-history":[{"count":1,"href":"https:\/\/vocesparalelas.com.ar\/sitio\/wp-json\/wp\/v2\/posts\/55094\/revisions"}],"predecessor-version":[{"id":55097,"href":"https:\/\/vocesparalelas.com.ar\/sitio\/wp-json\/wp\/v2\/posts\/55094\/revisions\/55097"}],"wp:featuredmedia":[{"embeddable":true,"href":"https:\/\/vocesparalelas.com.ar\/sitio\/wp-json\/wp\/v2\/media\/55096"}],"wp:attachment":[{"href":"https:\/\/vocesparalelas.com.ar\/sitio\/wp-json\/wp\/v2\/media?parent=55094"}],"wp:term":[{"taxonomy":"category","embeddable":true,"href":"https:\/\/vocesparalelas.com.ar\/sitio\/wp-json\/wp\/v2\/categories?post=55094"},{"taxonomy":"post_tag","embeddable":true,"href":"https:\/\/vocesparalelas.com.ar\/sitio\/wp-json\/wp\/v2\/tags?post=55094"}],"curies":[{"name":"wp","href":"https:\/\/api.w.org\/{rel}","templated":true}]}}