{"id":55080,"date":"2022-12-07T18:36:56","date_gmt":"2022-12-07T21:36:56","guid":{"rendered":"https:\/\/vocesparalelas.com.ar\/sitio\/?p=55080"},"modified":"2022-12-07T18:36:56","modified_gmt":"2022-12-07T21:36:56","slug":"los-comercios-ya-pueden-adherirse-al-programa-billetera-san-juan","status":"publish","type":"post","link":"https:\/\/vocesparalelas.com.ar\/sitio\/los-comercios-ya-pueden-adherirse-al-programa-billetera-san-juan\/","title":{"rendered":"Los comercios ya pueden adherirse al programa Billetera San Juan"},"content":{"rendered":"<p>Los comercios de toda la provincia ya pueden adherirse al programa Billetera San Juan de forma simple, r\u00e1pida y online, ingresando a <a href=\"http:\/\/sanjuan.gob.ar\/billeterasanjuan\">sanjuan.gob.ar\/billeterasanjuan<\/a>, donde encontrar\u00e1n adem\u00e1s todas las condiciones vigentes.<\/p>\n<p><strong><span style=\"color: #008080;\">\u00bfC\u00f3mo debe hacer un comercio para adherirse?<\/span><\/strong><\/p>\n<p>1- Ingresa a <a href=\"http:\/\/sanjuan.gob.ar\/billeterasanjuan\">sanjuan.gob.ar\/billeterasanjuan<\/a> y accede desde la secci\u00f3n\u00a0 \u201cCobr\u00e1 simple\u201d Seleccionando la opci\u00f3n \u201cPersona f\u00edsica\u201d o \u201cPersona Jur\u00eddica\u201d seg\u00fan corresponda.<\/p>\n<p>2- Luego el comercio ser\u00e1 derivado a una plataforma donde completar\u00e1 un formulario de acuerdo al tipo de persona.<\/p>\n<p>3- Carga m\u00ednimos datos, valida identidad y confirma la solicitud.<\/p>\n<p>4- Recibir\u00e1 un mail de bienvenida que lo habilitar\u00e1 para acceder al sistema de cobros con QR \u201cPLUS COBROS\u201d.<\/p>\n<p>Todas las dudas y consultas pueden resolverse en el apartado \u201cPreguntas frecuentes\u201d que se detalla en la web <a href=\"http:\/\/sanjuan.gob.ar\/billeterasanjuan\">sanjuan.gob.ar\/billeterasanjuan<\/a> .<\/p>\n<p><strong><span style=\"color: #008080;\">Reuniones con comercios en toda la provincia<\/span><\/strong><\/p>\n<p>La Secretaria de Industria y Comercio del Gobierno de San Juan junto a autoridades de Banco San Juan y Plus Pagos est\u00e1n realizando reuniones con C\u00e1maras y referentes de los distintos Municipios\u00a0 de la provincia para dar difusi\u00f3n al programa,\u00a0 \u00a0asesorar a los comercios de cada localidad y responder todas las consultas.<\/p>\n<p>\u201cEste programa tiene muchos beneficios y ventajas para el comercio: ya que no solo incrementar\u00e1 sus ventas, tambi\u00e9n podr\u00e1 ofrecer reintegros exclusivos para clientes y potenciales clientes, cobrar\u00e1 sus ventas desde una \u00fanica plataforma, podr\u00e1 aceptar pagos de otras billeteras ya que cuenta con un QR interoperable, disminuir\u00e1 el manejo de efectivo y podr\u00e1 recibir r\u00e1pidamente las recaudaciones diarias\u201d.<\/p>\n<p><img loading=\"lazy\" decoding=\"async\" class=\"alignnone size-large wp-image-5189\" src=\"https:\/\/vocesparalelas.com.ar\/sitio\/wp-content\/uploads\/2017\/09\/BANCO-SAN-JUAN-8-800x450.jpg\" alt=\"\" width=\"800\" height=\"450\" srcset=\"https:\/\/vocesparalelas.com.ar\/sitio\/wp-content\/uploads\/2017\/09\/BANCO-SAN-JUAN-8-800x450.jpg 800w, https:\/\/vocesparalelas.com.ar\/sitio\/wp-content\/uploads\/2017\/09\/BANCO-SAN-JUAN-8-300x169.jpg 300w, https:\/\/vocesparalelas.com.ar\/sitio\/wp-content\/uploads\/2017\/09\/BANCO-SAN-JUAN-8-768x432.jpg 768w, https:\/\/vocesparalelas.com.ar\/sitio\/wp-content\/uploads\/2017\/09\/BANCO-SAN-JUAN-8.jpg 1024w\" sizes=\"auto, (max-width: 800px) 100vw, 800px\" \/><\/p>\n<p>Publicado el Mi\u00e9rcoles, 07 de Diciembre de 2022<\/p>\n<p>&nbsp;<\/p>\n","protected":false},"excerpt":{"rendered":"<p>Los comercios de toda la provincia ya pueden adherirse al programa Billetera San Juan de forma simple, r\u00e1pida y online,<\/p>\n","protected":false},"author":3,"featured_media":55082,"comment_status":"closed","ping_status":"closed","sticky":false,"template":"","format":"standard","meta":{"_acf_changed":false,"_seopress_robots_primary_cat":"none","_seopress_titles_title":"","_seopress_titles_desc":"","_seopress_robots_index":"","colormag_page_container_layout":"default_layout","colormag_page_sidebar_layout":"default_layout","footnotes":""},"categories":[1],"tags":[],"class_list":["post-55080","post","type-post","status-publish","format-standard","has-post-thumbnail","hentry","category-destacadas"],"acf":[],"_links":{"self":[{"href":"https:\/\/vocesparalelas.com.ar\/sitio\/wp-json\/wp\/v2\/posts\/55080","targetHints":{"allow":["GET"]}}],"collection":[{"href":"https:\/\/vocesparalelas.com.ar\/sitio\/wp-json\/wp\/v2\/posts"}],"about":[{"href":"https:\/\/vocesparalelas.com.ar\/sitio\/wp-json\/wp\/v2\/types\/post"}],"author":[{"embeddable":true,"href":"https:\/\/vocesparalelas.com.ar\/sitio\/wp-json\/wp\/v2\/users\/3"}],"replies":[{"embeddable":true,"href":"https:\/\/vocesparalelas.com.ar\/sitio\/wp-json\/wp\/v2\/comments?post=55080"}],"version-history":[{"count":1,"href":"https:\/\/vocesparalelas.com.ar\/sitio\/wp-json\/wp\/v2\/posts\/55080\/revisions"}],"predecessor-version":[{"id":55083,"href":"https:\/\/vocesparalelas.com.ar\/sitio\/wp-json\/wp\/v2\/posts\/55080\/revisions\/55083"}],"wp:featuredmedia":[{"embeddable":true,"href":"https:\/\/vocesparalelas.com.ar\/sitio\/wp-json\/wp\/v2\/media\/55082"}],"wp:attachment":[{"href":"https:\/\/vocesparalelas.com.ar\/sitio\/wp-json\/wp\/v2\/media?parent=55080"}],"wp:term":[{"taxonomy":"category","embeddable":true,"href":"https:\/\/vocesparalelas.com.ar\/sitio\/wp-json\/wp\/v2\/categories?post=55080"},{"taxonomy":"post_tag","embeddable":true,"href":"https:\/\/vocesparalelas.com.ar\/sitio\/wp-json\/wp\/v2\/tags?post=55080"}],"curies":[{"name":"wp","href":"https:\/\/api.w.org\/{rel}","templated":true}]}}