{"id":55041,"date":"2022-12-06T22:09:10","date_gmt":"2022-12-07T01:09:10","guid":{"rendered":"https:\/\/vocesparalelas.com.ar\/sitio\/?p=55041"},"modified":"2022-12-06T22:09:10","modified_gmt":"2022-12-07T01:09:10","slug":"san-juan-candidata-a-capital-americana-del-deporte-2024","status":"publish","type":"post","link":"https:\/\/vocesparalelas.com.ar\/sitio\/san-juan-candidata-a-capital-americana-del-deporte-2024\/","title":{"rendered":"San Juan candidata a Capital Americana del Deporte 2024"},"content":{"rendered":"<div class=\"itemFullText\">\n<p>Los beneficios del deporte para la sociedad constituyen un hecho innegable desde un punto de vista sociol\u00f3gico, econ\u00f3mico y organizativo, entre otros aspectos.<\/p>\n<p>El deporte es un importante motor de valores humanos como el trabajo en equipo, la tolerancia, solidaridad y lealtad. Es un fen\u00f3meno social, un catalizador de la sociedad como medio educativo, como medio de inclusi\u00f3n, transformaci\u00f3n social y cultural, como pr\u00e1ctica de vida, salud mental y fomento a la resiliencia.<\/p>\n<p>En este sentido, San Juan es un ejemplo en Argentina y ahora es reconocido internacionalmente. Es que ACES Europe invit\u00f3 a la provincia de San Juan a ser candidata a Capital Americana del Deporte 2024. La presentaci\u00f3n oficial se realiz\u00f3 el Martes, 6 de Diciembre de 2022 en el Parlamento Europeo, en la ciudad de Bruselas, B\u00e9lgica.<\/p>\n<p>La disertaci\u00f3n estuvo a cargo del secretario de Estado de Deportes, Jorge Chica, quien en su discurso expres\u00f3: \u201cMuchas gracias a los representantes del Parlamento, a los representantes de cada cuidad, regi\u00f3n y pa\u00eds, por estar presentes en esta tremenda expresi\u00f3n del deporte mundial. Quiero agradecer por la confianza hacia San Juan, todos los sanjuaninos estamos totalmente agradecidos. Nos encontramos a 1200 kil\u00f3metros de la Capital Federal y pudimos generar distintas formas de hacer deporte. San Juan vive y respira deporte, San Juan es Argentina y nuestra Provincia ser\u00e1 capital americana en 2024 seguramente. En San Juan queremos y en San Juan podemos\u201d.<\/p>\n<p>ACES Europe, es una instituci\u00f3n internacional que promueve el deporte en todos los ciudadanos, especialmente en los colectivos m\u00e1s desfavorecidos, como ni\u00f1os, adultos mayores y personas con discapacidad, entre otros.<\/p>\n<p>En un trabajo en conjunto entre ACES, la UNESCO y CADE (Consejo Americano del Deporte) se crearon nuevos galardones de reconocimiento para que las ciudades y municipios de Am\u00e9rica puedan demostrar y ofrecer a sus ciudadanos y al mundo la importancia que las pol\u00edticas deportivas han ido adquiriendo en sus objetivos de desarrollo e integraci\u00f3n social.<\/p>\n<p><span style=\"color: #339966;\"><strong>Paso a paso para la candidatura<\/strong><\/span><\/p>\n<p>Desde el 2015, el deporte es Pol\u00edtica de Estado en San Juan, lo que hizo que grandes eventos deportivos nacionales e internacionales lleguen a la provincia y que San Juan sea identificado como un polo deportivo a nivel latinoamericano. Adem\u00e1s, los clubes y federaciones locales se vieron potenciados y se les brind\u00f3 herramientas para su desarrollo a trav\u00e9s de institucionalizar el programa Yo Amo Mi Club. La mejora en infraestructura deportiva y el desarrollo de distintos programas sociales hicieron que San Juan se convierta en la provincia con mejor \u00edndice de actividad f\u00edsica en todo el pa\u00eds. Ocho de cada diez sanjuaninos hacen alg\u00fan deporte.<\/p>\n<p>Tambi\u00e9n se afianzaron los v\u00ednculos con federaciones nacionales a trav\u00e9s de eventos y planes deportivos,\u00a0como ser sede del Centro de Desarrollo de AFA. Durante el 2021 el gobernador, Sergio U\u00f1ac firm\u00f3 un convenio con el Comit\u00e9 Ol\u00edmpico Argentino. Lo que significa que San Juan se convierte en la primera provincia, fuera de Buenos Aires, en tener una sede el COA.<\/p>\n<p>De esta manera, crecieron los v\u00ednculos continentales con grandes instituciones deportivas como son: Confederaci\u00f3n Panamericana de Ciclismo; CONMEBOL, Confederaci\u00f3n Sudamericana de Patinaje, y como hito hist\u00f3rico, la primera visita del presidente de ODESUR, Camilo P\u00e9rez, quien estuvo este a\u00f1o en San Juan, visualizando planes de trabajo y posibles acciones.<\/p>\n<p>Adem\u00e1s, durante el 2022 Sergio U\u00f1ac y el secretario de Deportes, Jorge Chica se reunieron con el presidente del ente m\u00e1ximo del olimpismo, Tomas Bach. Encuentro que tiene antecedentes m\u00e1s que importantes de entidades mundiales del deporte que ya pisaron suelo sanjuanino como el caso\u00a0del presidente de UCI, David Lappartient; y el de\u00a0Sabatino Aracu, presidente de World Skate\u00a0y propulsor de los World Skate Games, evento internacional, en el que San Juan, junto a CABA y Vicente L\u00f3pez, fue sede.<\/p>\n<p><img loading=\"lazy\" decoding=\"async\" class=\"alignnone size-full wp-image-55044\" src=\"https:\/\/vocesparalelas.com.ar\/sitio\/wp-content\/uploads\/2022\/12\/DEPORTE-PREMIO-04.jpg\" alt=\"\" width=\"800\" height=\"600\" srcset=\"https:\/\/vocesparalelas.com.ar\/sitio\/wp-content\/uploads\/2022\/12\/DEPORTE-PREMIO-04.jpg 800w, https:\/\/vocesparalelas.com.ar\/sitio\/wp-content\/uploads\/2022\/12\/DEPORTE-PREMIO-04-300x225.jpg 300w, https:\/\/vocesparalelas.com.ar\/sitio\/wp-content\/uploads\/2022\/12\/DEPORTE-PREMIO-04-768x576.jpg 768w\" sizes=\"auto, (max-width: 800px) 100vw, 800px\" \/><\/p>\n<p><span style=\"color: #339966;\"><strong>Requisitos para la postulaci\u00f3n<\/strong><\/span><\/p>\n<p>Un municipio podr\u00e1 ser candidato a Capital Americana del Deporte siempre que cumpla alguno de los siguientes requisitos:<\/p>\n<p>1. Tener censados 500.000 o m\u00e1s habitantes o ser capital de pa\u00eds.<\/p>\n<p>2. No podr\u00e1n competir al galard\u00f3n de Capital Americana del Deporte dos municipios del mismo pa\u00eds.<\/p>\n<p>3. Un municipio podr\u00e1 ser candidato a Ciudad Americana del Deporte si tiene censados entre 25000 y 499.999 habitantes.<\/p>\n<p>4. Un municipio podr\u00e1 ser candidato a Municipio Americano del Deporte si cuenta entre 1 y 24.999 habitantes censados.<\/p>\n<p>5. Para optar al galard\u00f3n de Comunidad Americana del Deporte deben unirse al menos tres municipios que por sus caracter\u00edsticas sociales, culturales, econ\u00f3micas, geogr\u00e1ficas, hist\u00f3ricas o culturales tengan esa posibilidad<\/p>\n<p>6. Para optar al galard\u00f3n de Regi\u00f3n Americana del Deporte aquellas estructuras pol\u00edticas unidas por razones de \u00edndole cultural, geogr\u00e1fica, econ\u00f3mica, hist\u00f3rica o social.<\/p>\n<p><span style=\"color: #339966;\"><strong>Agenda del Congreso en Bruselas<\/strong><\/span><\/p>\n<p><span style=\"color: #339966;\"><strong>Regi\u00f3n Europea de Deportes<\/strong><\/span><\/p>\n<ul>\n<li>Valle d\u2019Aosta (Italy)<\/li>\n<li>Regjun Lvant (Malta)<\/li>\n<\/ul>\n<p><span style=\"color: #339966;\"><strong>Regi\u00f3n Europea de Deportes 2024<\/strong><\/span><\/p>\n<ul>\n<li>Osijek Baranja County (Croatia).<\/li>\n<\/ul>\n<p><span style=\"color: #339966;\"><strong>Ciudad Europea de Deportes<\/strong><\/span><\/p>\n<ul>\n<li>Busto Arsizio (Italy)<\/li>\n<li>Eibar (Spain)<\/li>\n<li>Catanzaro (Italy)<\/li>\n<li>Poprad (Slovakia)<\/li>\n<li>Fondi (Italy)<\/li>\n<li>Martorell (Spain)<\/li>\n<li>Montana (Bulgaria)<\/li>\n<li>Padova (Italy)<\/li>\n<li>Velika Gorica (Croatia)<\/li>\n<li>Rende (Italy)<\/li>\n<li>Tres Cantos (Spain)<\/li>\n<li>Schio (Italy)<\/li>\n<li>Sakarya (Turkey)<\/li>\n<li>Viana do Castelo (Portugal)<\/li>\n<li>Spinea (Italy)<\/li>\n<li>Tirana (Albania)<\/li>\n<\/ul>\n<p><span style=\"color: #339966;\"><strong>Comunidad Europea de Deportes<\/strong><\/span><\/p>\n<ul>\n<li>Maremma (Italy)<\/li>\n<li>Catalan Pyrenees (Spain)<\/li>\n<li>Terre della Lana (Italy)<\/li>\n<li>Tigullio (Italy)<\/li>\n<\/ul>\n<p><span style=\"color: #339966;\"><strong>Municipio Europeo de Deportes<\/strong><\/span><\/p>\n<ul>\n<li>Alcal\u00e1 la Real (Spain)<\/li>\n<li>Byala (Bulgaria)<\/li>\n<li>Cardano al Campo (Italy)<\/li>\n<li>Carre\u00f1o (Spain)<\/li>\n<li>Castano Primo (Italy)<\/li>\n<li>Ceska Trebova (Czech Rep)<\/li>\n<li>Codogno (Italy)<\/li>\n<li>Granville (France)<\/li>\n<li>Crescentino (Italy)<\/li>\n<li>Jastrebarsko (Croatia)<\/li>\n<li>La Roda (Spain)<\/li>\n<li>Marcon (Italy)<\/li>\n<li>Maracena (Spain)<\/li>\n<li>Sotkamo (Finland)<\/li>\n<li>Sant Julia (Andorra)<\/li>\n<li>Monte di Procida (Italy)<\/li>\n<li>Sen\u00e1s (France)<\/li>\n<li>Motta di Livenza (Italy)<\/li>\n<li>Podebrady (Czech Rep)<\/li>\n<li>Villebon (France)<\/li>\n<li>Ventimiglia (Italy)<\/li>\n<\/ul>\n<p><span style=\"color: #339966;\"><strong>Compa\u00f1\u00eda Europea de Deporte y Salud<\/strong><\/span><\/p>\n<ul>\n<li>Viva Gym (Spain)<\/li>\n<\/ul>\n<p><span style=\"color: #339966;\"><strong>Capital Europea de Deportes<\/strong><\/span><\/p>\n<ul>\n<li>Desde The Hague a Glasgow<\/li>\n<\/ul>\n<p><span style=\"color: #339966;\"><strong>Capital Europea de Deportes 2024 Genova<\/strong><\/span><\/p>\n<p><span style=\"color: #339966;\"><strong>Capital Europea de Deportes 2025 Tallinn<\/strong><\/span><\/p>\n<p><span style=\"color: #339966;\"><strong>Capital Mundial de Deportes<\/strong><\/span><\/p>\n<ul>\n<li>Desde Madrid a Konya<\/li>\n<\/ul>\n<p><span style=\"color: #339966;\"><strong>Capital Mundial de Deportes 2024<\/strong><\/span><\/p>\n<ul>\n<li>Sof\u00eda<\/li>\n<li>Continente Americano<\/li>\n<\/ul>\n<p><span style=\"color: #339966;\"><strong>Ciudad Americana de Deportes<\/strong><\/span><\/p>\n<ul>\n<li>Mosquera Cundinamarca (Colombia)<\/li>\n<\/ul>\n<p><span style=\"color: #339966;\"><strong>Ciudad Sudamericana de Deportes<\/strong><\/span><\/p>\n<ul>\n<li>Gramado<\/li>\n<li>Limeira<\/li>\n<\/ul>\n<p><span style=\"color: #339966;\"><strong>Capital Americana de Deportes 2023<\/strong><\/span><\/p>\n<ul>\n<li>Le\u00f3n (M\u00e9xico)<\/li>\n<\/ul>\n<p><span style=\"color: #339966;\"><strong>Candidata a Capital Americana de Deportes 2024 San Juan (Argentina)<\/strong><\/span><\/p>\n<\/div>\n<div class=\"clr\"><\/div>\n<div class=\"itemContentFooter\"><span class=\"itemDateModified\">Publicado el Martes, 06 de Diciembre de 2022<\/span><\/div>\n","protected":false},"excerpt":{"rendered":"<p>Los beneficios del deporte para la sociedad constituyen un hecho innegable desde un punto de vista sociol\u00f3gico, econ\u00f3mico y organizativo,<\/p>\n","protected":false},"author":3,"featured_media":55043,"comment_status":"closed","ping_status":"closed","sticky":false,"template":"","format":"standard","meta":{"_acf_changed":false,"_seopress_robots_primary_cat":"none","_seopress_titles_title":"","_seopress_titles_desc":"","_seopress_robots_index":"","colormag_page_container_layout":"default_layout","colormag_page_sidebar_layout":"default_layout","footnotes":""},"categories":[1],"tags":[],"class_list":["post-55041","post","type-post","status-publish","format-standard","has-post-thumbnail","hentry","category-destacadas"],"acf":[],"_links":{"self":[{"href":"https:\/\/vocesparalelas.com.ar\/sitio\/wp-json\/wp\/v2\/posts\/55041","targetHints":{"allow":["GET"]}}],"collection":[{"href":"https:\/\/vocesparalelas.com.ar\/sitio\/wp-json\/wp\/v2\/posts"}],"about":[{"href":"https:\/\/vocesparalelas.com.ar\/sitio\/wp-json\/wp\/v2\/types\/post"}],"author":[{"embeddable":true,"href":"https:\/\/vocesparalelas.com.ar\/sitio\/wp-json\/wp\/v2\/users\/3"}],"replies":[{"embeddable":true,"href":"https:\/\/vocesparalelas.com.ar\/sitio\/wp-json\/wp\/v2\/comments?post=55041"}],"version-history":[{"count":1,"href":"https:\/\/vocesparalelas.com.ar\/sitio\/wp-json\/wp\/v2\/posts\/55041\/revisions"}],"predecessor-version":[{"id":55045,"href":"https:\/\/vocesparalelas.com.ar\/sitio\/wp-json\/wp\/v2\/posts\/55041\/revisions\/55045"}],"wp:featuredmedia":[{"embeddable":true,"href":"https:\/\/vocesparalelas.com.ar\/sitio\/wp-json\/wp\/v2\/media\/55043"}],"wp:attachment":[{"href":"https:\/\/vocesparalelas.com.ar\/sitio\/wp-json\/wp\/v2\/media?parent=55041"}],"wp:term":[{"taxonomy":"category","embeddable":true,"href":"https:\/\/vocesparalelas.com.ar\/sitio\/wp-json\/wp\/v2\/categories?post=55041"},{"taxonomy":"post_tag","embeddable":true,"href":"https:\/\/vocesparalelas.com.ar\/sitio\/wp-json\/wp\/v2\/tags?post=55041"}],"curies":[{"name":"wp","href":"https:\/\/api.w.org\/{rel}","templated":true}]}}