{"id":55033,"date":"2022-12-06T20:49:37","date_gmt":"2022-12-06T23:49:37","guid":{"rendered":"https:\/\/vocesparalelas.com.ar\/sitio\/?p=55033"},"modified":"2022-12-06T21:16:37","modified_gmt":"2022-12-07T00:16:37","slug":"cerro-el-programa-abc-4-0-inclusion-digital-para-el-desarrollo-con-equidad-2022-en-san-juan","status":"publish","type":"post","link":"https:\/\/vocesparalelas.com.ar\/sitio\/cerro-el-programa-abc-4-0-inclusion-digital-para-el-desarrollo-con-equidad-2022-en-san-juan\/","title":{"rendered":"Cerr\u00f3 el Programa ABC 4.0 Inclusi\u00f3n Digital para el Desarrollo con Equidad 2022 en San Juan"},"content":{"rendered":"<div class=\"itemFullText\">\n<p>La secretaria de Estado de Ciencia, Tecnolog\u00eda e Innovaci\u00f3n del Gobierno de San Juan, Ing. Marita Benavente, junto al vicegobernador CPN Roberto Gattoni; los intendentes de la Capital, Dr. Emilio Baistrocchi;\u00a0de Pocito,\u00a0Armando S\u00e1nchez;\u00a0de San Martin, CPN Cristian Andino y de Albard\u00f3n, Arq. Jorge Palmero;\u00a0el diputado por Albard\u00f3n,\u00a0Juan Carlos Abarca;\u00a0la presidenta del Concejo Deliberante de Chimbas, Noelia Tortarolo;\u00a0la subsecretaria de Transferencia e Innovaci\u00f3n,\u00a0Ana Cernuda\u00a0y la directora de Innovaci\u00f3n Tecnol\u00f3gica,\u00a0Celeste Olivares, entregaron certificados de formaci\u00f3n en herramientas digitales a los alumnos que realizaron el curso del programa\u00a0\u201cABC 4.0 Inclusi\u00f3n Digital para el Desarrollo con Equidad\u201d.<\/p>\n<p>Esta iniciativa del Gobierno de San Juan, a trav\u00e9s de la\u00a0SECITI, en colaboraci\u00f3n con los municipios delos Departamentos de Albard\u00f3n, de Capital, de Chimbas, de San Martin, de Santa Luc\u00eda y de Pocito,\u00a0se cre\u00f3 para incentivar la inclusi\u00f3n y la transformaci\u00f3n digital hacia cada rinc\u00f3n de la provincia con el objetivo de seguir desarrollando m\u00e1s y mejores oportunidades incorporando nuevos saberes, a personas sin distinci\u00f3n de sexo, edad y que no tengan, o tengan escasos conocimientos previos sobre las herramientas digitales.<\/p>\n<p>La secretaria del SECITI, Ing. Marita Benavente manifest\u00f3 que \u00abquiero agradecerles a todos y todas quienes han hecho posible esta capacitaci\u00f3n tan importante, en especial a POW, una empresa de mujeres presidida por Magdalena Colque, cuyas siglas en ingl\u00e9s significan \u201cPower of Women\u201d, \u201cPoder de las Mujeres\u201d, quienes ganaron el concurso que hicimos para poder avanzar con esta propuesta de formaci\u00f3n 4.0.<\/p>\n<p>\u00abLa tecnolog\u00eda est\u00e1 avanzando muy r\u00e1pido en el mundo actual, a veces podemos compararla con un tren que corre a alt\u00edsima velocidad, al cual tienen la suerte de poder subirse solo algunos, m\u00e1s no todos, y muchos quedan abajo. Desde el Gobierno de San Juan que conduce el Dr. Sergio U\u00f1ac, apostamos a la ense\u00f1anza y nos embarcamos a la aventura del esp\u00edritu que es el aprendizaje. Nunca permitiremos que ning\u00fan sanjuanino o sanjuanina se quede afuera de esa actualizaci\u00f3n tecnol\u00f3gica para poder mejorar la vida, la compa\u00f1\u00eda a nuestros ni\u00f1os y ni\u00f1as cuando realizan sus tareas escolares, a partir del uso de las redes sociales y navegadores de internet, as\u00ed como tambi\u00e9n el impulso de nuestros negocios y emprendimientos a trav\u00e9s de estas plataformas\u201d<\/p>\n<p>\u00abEl apoyo del estado a este tipo de programas contribuye al aprendizaje tecnol\u00f3gico no lo provee el Estado, tendr\u00edamos que acceder a estos conocimientos a trav\u00e9s de instituciones privadas, que generalmente son caras, y eso genera un nuevo filtro por el que no todos pueden pasar. Esto se genera a partir de un gran esfuerzo, y todos los sanjuaninos y sanjuaninas, tenemos que estar muy agradecidos por esta capacitaci\u00f3n, ya que brindar\u00e1 mejor condici\u00f3n de empleabilidad y permitirles gozar de una posici\u00f3n de mayor conocimiento. Quienes gozan del capital intelectual del conocimiento, tienen m\u00e1s oportunidades, y este Gobierno est\u00e1 para brindar oportunidades\u201d, finaliz\u00f3.<\/p>\n<p>En tanto el vicegobernador de San Juan, CPN Roberto Gattoni agradeci\u00f3 y dijo que \u201cel apoyo de los municipios de Albard\u00f3n, Capital, Pocito, Santa Luc\u00eda y San Mart\u00edn. Este programa llevado a cabo por la SECITI permiti\u00f3 que muchos sanjuaninas y sanjuaninos pudieran adquirir nuevos conocimientos en internet y redes que despu\u00e9s volcar\u00e1n en sus trabajos. Seguramente m\u00e1s departamentos se sumar\u00e1n a esta iniciativa para llevar conocimiento a su comunidad\u201d.<\/p>\n<p>Gracias a este programa, m\u00e1s de\u00a0180 alumnos de 18 a 67 a\u00f1os, lograron aprender nuevas habilidades y descubrir las oportunidades de las recientes tecnolog\u00edas, en el mundo de estas herramientas digitales desde un nivel de iniciaci\u00f3n, mediante clases presenciales te\u00f3rico pr\u00e1cticas, los participantes dedicaron 6 horas a la semana, con el 80 por ciento de asistencia y con la entrega de trabajos pr\u00e1cticos, obtuvieron su certificado correspondiente.<\/p>\n<\/div>\n<div class=\"clr\">Publicado el Martes, 06 de Diciembre de 2022<\/div>\n","protected":false},"excerpt":{"rendered":"<p>La secretaria de Estado de Ciencia, Tecnolog\u00eda e Innovaci\u00f3n del Gobierno de San Juan, Ing. Marita Benavente, junto al vicegobernador<\/p>\n","protected":false},"author":3,"featured_media":55035,"comment_status":"closed","ping_status":"closed","sticky":false,"template":"","format":"standard","meta":{"_acf_changed":false,"_seopress_robots_primary_cat":"none","_seopress_titles_title":"","_seopress_titles_desc":"","_seopress_robots_index":"","colormag_page_container_layout":"default_layout","colormag_page_sidebar_layout":"default_layout","footnotes":""},"categories":[1],"tags":[],"class_list":["post-55033","post","type-post","status-publish","format-standard","has-post-thumbnail","hentry","category-destacadas"],"acf":[],"_links":{"self":[{"href":"https:\/\/vocesparalelas.com.ar\/sitio\/wp-json\/wp\/v2\/posts\/55033","targetHints":{"allow":["GET"]}}],"collection":[{"href":"https:\/\/vocesparalelas.com.ar\/sitio\/wp-json\/wp\/v2\/posts"}],"about":[{"href":"https:\/\/vocesparalelas.com.ar\/sitio\/wp-json\/wp\/v2\/types\/post"}],"author":[{"embeddable":true,"href":"https:\/\/vocesparalelas.com.ar\/sitio\/wp-json\/wp\/v2\/users\/3"}],"replies":[{"embeddable":true,"href":"https:\/\/vocesparalelas.com.ar\/sitio\/wp-json\/wp\/v2\/comments?post=55033"}],"version-history":[{"count":1,"href":"https:\/\/vocesparalelas.com.ar\/sitio\/wp-json\/wp\/v2\/posts\/55033\/revisions"}],"predecessor-version":[{"id":55036,"href":"https:\/\/vocesparalelas.com.ar\/sitio\/wp-json\/wp\/v2\/posts\/55033\/revisions\/55036"}],"wp:featuredmedia":[{"embeddable":true,"href":"https:\/\/vocesparalelas.com.ar\/sitio\/wp-json\/wp\/v2\/media\/55035"}],"wp:attachment":[{"href":"https:\/\/vocesparalelas.com.ar\/sitio\/wp-json\/wp\/v2\/media?parent=55033"}],"wp:term":[{"taxonomy":"category","embeddable":true,"href":"https:\/\/vocesparalelas.com.ar\/sitio\/wp-json\/wp\/v2\/categories?post=55033"},{"taxonomy":"post_tag","embeddable":true,"href":"https:\/\/vocesparalelas.com.ar\/sitio\/wp-json\/wp\/v2\/tags?post=55033"}],"curies":[{"name":"wp","href":"https:\/\/api.w.org\/{rel}","templated":true}]}}