{"id":55016,"date":"2022-12-05T22:03:02","date_gmt":"2022-12-06T01:03:02","guid":{"rendered":"https:\/\/vocesparalelas.com.ar\/sitio\/?p=55016"},"modified":"2022-12-07T00:47:20","modified_gmt":"2022-12-07T03:47:20","slug":"muestra-de-pesebres-en-la-cripta-de-la-catedral-de-san-juan","status":"publish","type":"post","link":"https:\/\/vocesparalelas.com.ar\/sitio\/muestra-de-pesebres-en-la-cripta-de-la-catedral-de-san-juan\/","title":{"rendered":"Muestra de Pesebres en la Cripta de la Catedral de San Juan"},"content":{"rendered":"<p>El Mi\u00e9rcoles, 7 de Diciembre, a las 10 hs.; Cripta de la Catedral de San Juan se desarrolla la Muestra de Pesebres que re\u00fane a m\u00e1s de 250 piezas del Nacimiento de Jes\u00fas.<\/p>\n<p>La contemplaci\u00f3n de la escena de la Navidad, nos invita a ponernos espiritualmente en camino, atra\u00eddos por la humildad de Aquel que se ha hecho hombre para encontrar a cada hombre. Y descubrimos que \u00c9l nos ama hasta el punto de unirse a nosotros, para que tambi\u00e9n nosotros podamos unirnos a \u00c9l.<\/p>\n<p style=\"text-align: right;\">Santo Padre Francisco, Carta apost\u00f3lica 01.12.2019<\/p>\n<p>&nbsp;<\/p>\n<p><img loading=\"lazy\" decoding=\"async\" class=\"alignnone size-full wp-image-32625\" src=\"https:\/\/vocesparalelas.com.ar\/sitio\/wp-content\/uploads\/2020\/11\/CATEDRAL-10.jpg\" alt=\"\" width=\"800\" height=\"534\" srcset=\"https:\/\/vocesparalelas.com.ar\/sitio\/wp-content\/uploads\/2020\/11\/CATEDRAL-10.jpg 800w, https:\/\/vocesparalelas.com.ar\/sitio\/wp-content\/uploads\/2020\/11\/CATEDRAL-10-300x200.jpg 300w, https:\/\/vocesparalelas.com.ar\/sitio\/wp-content\/uploads\/2020\/11\/CATEDRAL-10-768x513.jpg 768w\" sizes=\"auto, (max-width: 800px) 100vw, 800px\" \/><\/p>\n<p>&nbsp;<\/p>\n<p>Publicado el Lunes, 05 de Diciembre de 2022<\/p>\n","protected":false},"excerpt":{"rendered":"<p>El Mi\u00e9rcoles, 7 de Diciembre, a las 10 hs.; Cripta de la Catedral de San Juan se desarrolla la Muestra<\/p>\n","protected":false},"author":3,"featured_media":25591,"comment_status":"closed","ping_status":"closed","sticky":false,"template":"","format":"standard","meta":{"_acf_changed":false,"_seopress_robots_primary_cat":"none","_seopress_titles_title":"","_seopress_titles_desc":"","_seopress_robots_index":"","colormag_page_container_layout":"default_layout","colormag_page_sidebar_layout":"default_layout","footnotes":""},"categories":[6],"tags":[],"class_list":["post-55016","post","type-post","status-publish","format-standard","has-post-thumbnail","hentry","category-eventos"],"acf":[],"_links":{"self":[{"href":"https:\/\/vocesparalelas.com.ar\/sitio\/wp-json\/wp\/v2\/posts\/55016","targetHints":{"allow":["GET"]}}],"collection":[{"href":"https:\/\/vocesparalelas.com.ar\/sitio\/wp-json\/wp\/v2\/posts"}],"about":[{"href":"https:\/\/vocesparalelas.com.ar\/sitio\/wp-json\/wp\/v2\/types\/post"}],"author":[{"embeddable":true,"href":"https:\/\/vocesparalelas.com.ar\/sitio\/wp-json\/wp\/v2\/users\/3"}],"replies":[{"embeddable":true,"href":"https:\/\/vocesparalelas.com.ar\/sitio\/wp-json\/wp\/v2\/comments?post=55016"}],"version-history":[{"count":2,"href":"https:\/\/vocesparalelas.com.ar\/sitio\/wp-json\/wp\/v2\/posts\/55016\/revisions"}],"predecessor-version":[{"id":55019,"href":"https:\/\/vocesparalelas.com.ar\/sitio\/wp-json\/wp\/v2\/posts\/55016\/revisions\/55019"}],"wp:featuredmedia":[{"embeddable":true,"href":"https:\/\/vocesparalelas.com.ar\/sitio\/wp-json\/wp\/v2\/media\/25591"}],"wp:attachment":[{"href":"https:\/\/vocesparalelas.com.ar\/sitio\/wp-json\/wp\/v2\/media?parent=55016"}],"wp:term":[{"taxonomy":"category","embeddable":true,"href":"https:\/\/vocesparalelas.com.ar\/sitio\/wp-json\/wp\/v2\/categories?post=55016"},{"taxonomy":"post_tag","embeddable":true,"href":"https:\/\/vocesparalelas.com.ar\/sitio\/wp-json\/wp\/v2\/tags?post=55016"}],"curies":[{"name":"wp","href":"https:\/\/api.w.org\/{rel}","templated":true}]}}