{"id":54985,"date":"2022-12-02T23:26:50","date_gmt":"2022-12-03T02:26:50","guid":{"rendered":"https:\/\/vocesparalelas.com.ar\/sitio\/?p=54985"},"modified":"2022-12-03T00:39:57","modified_gmt":"2022-12-03T03:39:57","slug":"convenio-para-otorgar-una-tarjeta-de-pago-para-cubrir-gastos-del-proyecto-o-viaje-en-la-unsj","status":"publish","type":"post","link":"https:\/\/vocesparalelas.com.ar\/sitio\/convenio-para-otorgar-una-tarjeta-de-pago-para-cubrir-gastos-del-proyecto-o-viaje-en-la-unsj\/","title":{"rendered":"Convenio para otorgar una Tarjeta de Pago para cubrir gastos del proyecto o viaje en la UNSJ"},"content":{"rendered":"<p>En un encuentro muy ameno, la Universidad Nacional de San Juan y el Banco Naci\u00f3n Argentina firmaron un convenio para agilizar el servicio de gastos por parte de investigadores, extensionistas o choferes de la instituci\u00f3n con una tarjeta de pago con el monto total del proyecto o viaje para evitar el uso de efectivo.<\/p>\n<p>Los responsables de refrentar el convenio fueron el Gerente Zonal del BNA, Pablo \u00c1lvarez y el Rector de la UNSJ, Ing. Tadeo Berenguer.<\/p>\n<figure id=\"attachment_54988\" aria-describedby=\"caption-attachment-54988\" style=\"width: 800px\" class=\"wp-caption alignnone\"><img loading=\"lazy\" decoding=\"async\" class=\"size-full wp-image-54988\" src=\"https:\/\/vocesparalelas.com.ar\/sitio\/wp-content\/uploads\/2022\/12\/UNSJ-BNA-02.jpg\" alt=\"\" width=\"800\" height=\"533\" srcset=\"https:\/\/vocesparalelas.com.ar\/sitio\/wp-content\/uploads\/2022\/12\/UNSJ-BNA-02.jpg 800w, https:\/\/vocesparalelas.com.ar\/sitio\/wp-content\/uploads\/2022\/12\/UNSJ-BNA-02-300x200.jpg 300w, https:\/\/vocesparalelas.com.ar\/sitio\/wp-content\/uploads\/2022\/12\/UNSJ-BNA-02-768x512.jpg 768w\" sizes=\"auto, (max-width: 800px) 100vw, 800px\" \/><figcaption id=\"caption-attachment-54988\" class=\"wp-caption-text\">Gerente Zonal del BNA, Pablo \u00c1lvarez<\/figcaption><\/figure>\n<p>&nbsp;<\/p>\n<figure id=\"attachment_54987\" aria-describedby=\"caption-attachment-54987\" style=\"width: 800px\" class=\"wp-caption alignnone\"><img loading=\"lazy\" decoding=\"async\" class=\"size-full wp-image-54987\" src=\"https:\/\/vocesparalelas.com.ar\/sitio\/wp-content\/uploads\/2022\/12\/UNSJ-BNA-01.jpg\" alt=\"\" width=\"800\" height=\"533\" srcset=\"https:\/\/vocesparalelas.com.ar\/sitio\/wp-content\/uploads\/2022\/12\/UNSJ-BNA-01.jpg 800w, https:\/\/vocesparalelas.com.ar\/sitio\/wp-content\/uploads\/2022\/12\/UNSJ-BNA-01-300x200.jpg 300w, https:\/\/vocesparalelas.com.ar\/sitio\/wp-content\/uploads\/2022\/12\/UNSJ-BNA-01-768x512.jpg 768w\" sizes=\"auto, (max-width: 800px) 100vw, 800px\" \/><figcaption id=\"caption-attachment-54987\" class=\"wp-caption-text\">El Rector de la UNSJ, Ing. Tadeo Berenguer<\/figcaption><\/figure>\n<p>A partir de la firma del convenio, se entrega la tarjeta con el monto total del proyecto y sus usuario que pueden ocupar de acuerdo a la posibilidad de mostrar la trazabilidad de los gastos que comienza a regir desde el 2023.<\/p>\n<p>Finalizado el mismo, Voces Paralelas desarroll\u00f3 una entrevista period\u00edstica al Rector de la UNSJ, Ing. Tadeo Berenguer, quien destac\u00f3 la importancia de la tarjeta de pago del Banco Naci\u00f3n Argentina para que realicen el gasto que se les asign\u00f3.<\/p>\n<p>&nbsp;<\/p>\n<p><iframe loading=\"lazy\" title=\"UNSJ RECTOR ING TADEO BERENGUER\" width=\"800\" height=\"450\" src=\"https:\/\/www.youtube.com\/embed\/IXeXgHLabwA?feature=oembed\" frameborder=\"0\" allow=\"accelerometer; autoplay; clipboard-write; encrypted-media; gyroscope; picture-in-picture\" allowfullscreen><\/iframe><\/p>\n<p>Posteriormente, entrevist\u00f3 al Gerente Zonal del BNA, Pablo \u00c1lvarez, quien explic\u00f3 la caracter\u00edstica de la Tarjeta de pago y que brinda seguridad para sus usuarios de la Universidad Nacional de San Juan.<\/p>\n<p><iframe loading=\"lazy\" title=\"UNSJ BNA GERENTE PABLO \u00c1LVAREZ\" width=\"800\" height=\"450\" src=\"https:\/\/www.youtube.com\/embed\/jkWgOl6cFX0?feature=oembed\" frameborder=\"0\" allow=\"accelerometer; autoplay; clipboard-write; encrypted-media; gyroscope; picture-in-picture\" allowfullscreen><\/iframe><\/p>\n<p>&nbsp;<\/p>\n<p>Publicado el Viernes, 02 de Noviembre de 2022<\/p>\n","protected":false},"excerpt":{"rendered":"<p>En un encuentro muy ameno, la Universidad Nacional de San Juan y el Banco Naci\u00f3n Argentina firmaron un convenio para<\/p>\n","protected":false},"author":3,"featured_media":54989,"comment_status":"closed","ping_status":"closed","sticky":false,"template":"","format":"video","meta":{"_acf_changed":false,"_seopress_robots_primary_cat":"none","_seopress_titles_title":"","_seopress_titles_desc":"","_seopress_robots_index":"","colormag_page_container_layout":"default_layout","colormag_page_sidebar_layout":"default_layout","footnotes":""},"categories":[1,7],"tags":[],"class_list":["post-54985","post","type-post","status-publish","format-video","has-post-thumbnail","hentry","category-destacadas","category-videos","post_format-post-format-video"],"acf":[],"_links":{"self":[{"href":"https:\/\/vocesparalelas.com.ar\/sitio\/wp-json\/wp\/v2\/posts\/54985","targetHints":{"allow":["GET"]}}],"collection":[{"href":"https:\/\/vocesparalelas.com.ar\/sitio\/wp-json\/wp\/v2\/posts"}],"about":[{"href":"https:\/\/vocesparalelas.com.ar\/sitio\/wp-json\/wp\/v2\/types\/post"}],"author":[{"embeddable":true,"href":"https:\/\/vocesparalelas.com.ar\/sitio\/wp-json\/wp\/v2\/users\/3"}],"replies":[{"embeddable":true,"href":"https:\/\/vocesparalelas.com.ar\/sitio\/wp-json\/wp\/v2\/comments?post=54985"}],"version-history":[{"count":2,"href":"https:\/\/vocesparalelas.com.ar\/sitio\/wp-json\/wp\/v2\/posts\/54985\/revisions"}],"predecessor-version":[{"id":54994,"href":"https:\/\/vocesparalelas.com.ar\/sitio\/wp-json\/wp\/v2\/posts\/54985\/revisions\/54994"}],"wp:featuredmedia":[{"embeddable":true,"href":"https:\/\/vocesparalelas.com.ar\/sitio\/wp-json\/wp\/v2\/media\/54989"}],"wp:attachment":[{"href":"https:\/\/vocesparalelas.com.ar\/sitio\/wp-json\/wp\/v2\/media?parent=54985"}],"wp:term":[{"taxonomy":"category","embeddable":true,"href":"https:\/\/vocesparalelas.com.ar\/sitio\/wp-json\/wp\/v2\/categories?post=54985"},{"taxonomy":"post_tag","embeddable":true,"href":"https:\/\/vocesparalelas.com.ar\/sitio\/wp-json\/wp\/v2\/tags?post=54985"}],"curies":[{"name":"wp","href":"https:\/\/api.w.org\/{rel}","templated":true}]}}