{"id":54972,"date":"2022-12-02T21:32:42","date_gmt":"2022-12-03T00:32:42","guid":{"rendered":"https:\/\/vocesparalelas.com.ar\/sitio\/?p=54972"},"modified":"2022-12-07T00:46:31","modified_gmt":"2022-12-07T03:46:31","slug":"convocatoria-de-proyectos-artisticos-para-incorporarse-a-la-temporada-2023-del-tb-de-san-juan","status":"publish","type":"post","link":"https:\/\/vocesparalelas.com.ar\/sitio\/convocatoria-de-proyectos-artisticos-para-incorporarse-a-la-temporada-2023-del-tb-de-san-juan\/","title":{"rendered":"Convocatoria de proyectos art\u00edsticos para incorporarse a la Temporada 2023 del TB de San Juan"},"content":{"rendered":"<div class=\"itemFullText\">\n<p>El Ministerio de Turismo y Cultura del Gobierno de San Juan, a trav\u00e9s del Teatro del Bicentenario, abre la convocatoria de proyectos art\u00edsticos para incorporarse a la Temporada 2023 de la Sala Audit\u00f3rium.<\/p>\n<p>Esta iniciativa tiene como objetivo el fomento y la visibilidad de creaciones y producciones art\u00edsticas esc\u00e9nicas en diferentes g\u00e9neros y lenguajes, tanto a las que exhiben una trayectoria art\u00edstica como a las noveles producciones. La convocatoria est\u00e1 abierta desde el 28 de noviembre de 2022 hasta el 31 de Enero de 2023.<\/p>\n<p>Despu\u00e9s de una exitosa primera experiencia en el 2022, en la que se presentaron cientos de propuestas, y llegaron a escena 20 espect\u00e1culos gestionados por producciones independientes, tres de ellas llegadas de otras provincias (Buenos Aires y Mendoza), el TB apunta a redoblar la apuesta.<\/p>\n<p>El resultado fue una temporada heterog\u00e9nea y vibrante, por lo que el TB quiere renovar la convocatoria a los hacedores culturales locales, del pa\u00eds y del exterior, para ofrecer un espacio que busca consolidarse como un escenario abierto a la comunidad art\u00edstica y que se nutre de las nuevas corrientes, lenguajes y g\u00e9neros.<\/p>\n<p>El Teatro del Bicentenario tiene como misi\u00f3n convertirse en el motor y referente de la cultura sanjuanina por la riqueza de su programaci\u00f3n y por la capacidad integradora de sus actividades culturales. Es por eso que para la Temporada 2023 brindar\u00e1 ayuda est\u00edmulo, 100 % y colaboraci\u00f3n en producci\u00f3n, para proyectos que aborden los siguientes ejes: Accesibilidad, la Sala Audit\u00f3rium cuenta con caracter\u00edsticas que permiten sumar dispositivos accesibles, por lo que seleccionan una propuesta que contemple este tipo de proyecto; y por otro lado, ya que en el 2023 se cumplen 40 a\u00f1os de la vuelta a la Democracia, se elige una propuesta art\u00edstica que aborde esta tem\u00e1tica.<\/p>\n<p>La convocatoria est\u00e1 destinada a artistas de las artes esc\u00e9nicas- perform\u00e1ticas, pudiendo postularse directores y creadores esc\u00e9nicos, colectivos, grupos y compa\u00f1\u00edas integrados por personas f\u00edsicas, mayores de 18 a\u00f1os de todo el territorio argentino y del exterior presentando obras o puestas en escena de reposici\u00f3n o in\u00e9ditas de teatro, danza, m\u00fasica, en formatos innovadores, tradicionales o que contemplen el cruce de disciplinas art\u00edsticas.<\/p>\n<p>Los participantes deber\u00e1n presentar una postulaci\u00f3n \u00fanica por obra a estrenar o en formato de reposici\u00f3n y cumplir con los requisitos formales que se detallan en <a href=\"https:\/\/www.teatrodelbicentenariosanjuan.org\/convocatoriaauditorium23\/\">https:\/\/www.teatrodelbicentenariosanjuan.org\/convocatoriaauditorium23\/<\/a>.<\/p>\n<p><strong><span style=\"color: #339966;\">Bases y condiciones<\/span><\/strong><\/p>\n<p><a href=\"http:\/\/www.teatrodelbicentenariosanjuan.org\/\" target=\"_blank\" rel=\"noopener noreferrer\" data-saferedirecturl=\"https:\/\/www.google.com\/url?q=http:\/\/www.teatrodelbicentenariosanjuan.org&amp;source=gmail&amp;ust=1669738639970000&amp;usg=AOvVaw3RMygwnbVpJOnbHMhNqLUc\">www.<wbr \/>teatrodelbicentenariosanjuan.<wbr \/>org<\/a>.<\/p>\n<\/div>\n<div class=\"clr\"><\/div>\n<div class=\"itemContentFooter\"><span class=\"itemDateModified\">Modificado por \u00faltima vez en Lunes, 28 Noviembre 2022 18:16<\/span><\/div>\n","protected":false},"excerpt":{"rendered":"<p>El Ministerio de Turismo y Cultura del Gobierno de San Juan, a trav\u00e9s del Teatro del Bicentenario, abre la convocatoria<\/p>\n","protected":false},"author":3,"featured_media":24321,"comment_status":"closed","ping_status":"closed","sticky":false,"template":"","format":"standard","meta":{"_acf_changed":false,"_seopress_robots_primary_cat":"none","_seopress_titles_title":"","_seopress_titles_desc":"","_seopress_robots_index":"","colormag_page_container_layout":"default_layout","colormag_page_sidebar_layout":"default_layout","footnotes":""},"categories":[2],"tags":[],"class_list":["post-54972","post","type-post","status-publish","format-standard","has-post-thumbnail","hentry","category-convocatorias"],"acf":[],"_links":{"self":[{"href":"https:\/\/vocesparalelas.com.ar\/sitio\/wp-json\/wp\/v2\/posts\/54972","targetHints":{"allow":["GET"]}}],"collection":[{"href":"https:\/\/vocesparalelas.com.ar\/sitio\/wp-json\/wp\/v2\/posts"}],"about":[{"href":"https:\/\/vocesparalelas.com.ar\/sitio\/wp-json\/wp\/v2\/types\/post"}],"author":[{"embeddable":true,"href":"https:\/\/vocesparalelas.com.ar\/sitio\/wp-json\/wp\/v2\/users\/3"}],"replies":[{"embeddable":true,"href":"https:\/\/vocesparalelas.com.ar\/sitio\/wp-json\/wp\/v2\/comments?post=54972"}],"version-history":[{"count":1,"href":"https:\/\/vocesparalelas.com.ar\/sitio\/wp-json\/wp\/v2\/posts\/54972\/revisions"}],"predecessor-version":[{"id":54974,"href":"https:\/\/vocesparalelas.com.ar\/sitio\/wp-json\/wp\/v2\/posts\/54972\/revisions\/54974"}],"wp:featuredmedia":[{"embeddable":true,"href":"https:\/\/vocesparalelas.com.ar\/sitio\/wp-json\/wp\/v2\/media\/24321"}],"wp:attachment":[{"href":"https:\/\/vocesparalelas.com.ar\/sitio\/wp-json\/wp\/v2\/media?parent=54972"}],"wp:term":[{"taxonomy":"category","embeddable":true,"href":"https:\/\/vocesparalelas.com.ar\/sitio\/wp-json\/wp\/v2\/categories?post=54972"},{"taxonomy":"post_tag","embeddable":true,"href":"https:\/\/vocesparalelas.com.ar\/sitio\/wp-json\/wp\/v2\/tags?post=54972"}],"curies":[{"name":"wp","href":"https:\/\/api.w.org\/{rel}","templated":true}]}}