{"id":54969,"date":"2022-12-02T20:18:11","date_gmt":"2022-12-02T23:18:11","guid":{"rendered":"https:\/\/vocesparalelas.com.ar\/sitio\/?p=54969"},"modified":"2022-12-02T20:27:47","modified_gmt":"2022-12-02T23:27:47","slug":"plenario-provincial-extraordinario-delegados-escolares-de-udap-de-san-juan","status":"publish","type":"post","link":"https:\/\/vocesparalelas.com.ar\/sitio\/plenario-provincial-extraordinario-delegados-escolares-de-udap-de-san-juan\/","title":{"rendered":"Plenario Provincial Extraordinario Delegados Escolares de UDAP de San Juan"},"content":{"rendered":"<p>El Secretariado Ejecutivo de la Uni\u00f3n Docentes Agremiados Provinciales convoca a los Delegados Escolares del sistema educativo de San Juan, de gesti\u00f3n p\u00fablica y privada, al Plenario Provincial Extraordinario, el Martes, 06 de Diciembre de 2022, a las 9:00 hs. en ASIJEMIN, 9 de Julio 647 &#8211; O-, Capital.<\/p>\n<p><strong><span style=\"color: #339966;\">Temas a tratar<\/span><\/strong><\/p>\n<ul>\n<li>Informe situaci\u00f3n institucional.<\/li>\n<li>Autorizaci\u00f3n al Secretariado Ejecutivo para que disponga del terreno bald\u00edo ubicado en calle Dr. Ortega entre Hip\u00f3lito Irigoyen y Jorge Newbery, con una superficie aproximada de 3.009 m2, el que genera constantes gastos por el pago de impuestos generales. La forma de disposici\u00f3n debe ajustarse a los actos jur\u00eddicos necesarios. Autorizar al Secretariado Ejecutivo para que determine el valor de dicho inmueble teniendo en cuenta los valores actualizados del mercado para su posterior venta.<\/li>\n<\/ul>\n<p>&nbsp;<\/p>\n<p style=\"text-align: right;\">San Juan, 02 de Diciembre de 2022<\/p>\n<p style=\"text-align: right;\">Secretariado Ejecutivo<\/p>\n<p style=\"text-align: right;\">Luis Lucero Secretario General de UDAP<\/p>\n<p>&nbsp;<\/p>\n<p>&nbsp;<\/p>\n<p>Publicado el Viernes, 02 de Noviembre de 2022<\/p>\n","protected":false},"excerpt":{"rendered":"<p>El Secretariado Ejecutivo de la Uni\u00f3n Docentes Agremiados Provinciales convoca a los Delegados Escolares del sistema educativo de San Juan,<\/p>\n","protected":false},"author":3,"featured_media":54427,"comment_status":"closed","ping_status":"closed","sticky":false,"template":"","format":"standard","meta":{"_acf_changed":false,"_seopress_robots_primary_cat":"none","_seopress_titles_title":"","_seopress_titles_desc":"","_seopress_robots_index":"","colormag_page_container_layout":"default_layout","colormag_page_sidebar_layout":"default_layout","footnotes":""},"categories":[1],"tags":[],"class_list":["post-54969","post","type-post","status-publish","format-standard","has-post-thumbnail","hentry","category-destacadas"],"acf":[],"_links":{"self":[{"href":"https:\/\/vocesparalelas.com.ar\/sitio\/wp-json\/wp\/v2\/posts\/54969","targetHints":{"allow":["GET"]}}],"collection":[{"href":"https:\/\/vocesparalelas.com.ar\/sitio\/wp-json\/wp\/v2\/posts"}],"about":[{"href":"https:\/\/vocesparalelas.com.ar\/sitio\/wp-json\/wp\/v2\/types\/post"}],"author":[{"embeddable":true,"href":"https:\/\/vocesparalelas.com.ar\/sitio\/wp-json\/wp\/v2\/users\/3"}],"replies":[{"embeddable":true,"href":"https:\/\/vocesparalelas.com.ar\/sitio\/wp-json\/wp\/v2\/comments?post=54969"}],"version-history":[{"count":1,"href":"https:\/\/vocesparalelas.com.ar\/sitio\/wp-json\/wp\/v2\/posts\/54969\/revisions"}],"predecessor-version":[{"id":54971,"href":"https:\/\/vocesparalelas.com.ar\/sitio\/wp-json\/wp\/v2\/posts\/54969\/revisions\/54971"}],"wp:featuredmedia":[{"embeddable":true,"href":"https:\/\/vocesparalelas.com.ar\/sitio\/wp-json\/wp\/v2\/media\/54427"}],"wp:attachment":[{"href":"https:\/\/vocesparalelas.com.ar\/sitio\/wp-json\/wp\/v2\/media?parent=54969"}],"wp:term":[{"taxonomy":"category","embeddable":true,"href":"https:\/\/vocesparalelas.com.ar\/sitio\/wp-json\/wp\/v2\/categories?post=54969"},{"taxonomy":"post_tag","embeddable":true,"href":"https:\/\/vocesparalelas.com.ar\/sitio\/wp-json\/wp\/v2\/tags?post=54969"}],"curies":[{"name":"wp","href":"https:\/\/api.w.org\/{rel}","templated":true}]}}