{"id":54965,"date":"2022-12-02T19:55:12","date_gmt":"2022-12-02T22:55:12","guid":{"rendered":"https:\/\/vocesparalelas.com.ar\/sitio\/?p=54965"},"modified":"2022-12-02T19:56:01","modified_gmt":"2022-12-02T22:56:01","slug":"reunion-entre-las-asociaciones-intermedias-y-clinicas-privadas-de-salud-y-la-osp-de-san-juan","status":"publish","type":"post","link":"https:\/\/vocesparalelas.com.ar\/sitio\/reunion-entre-las-asociaciones-intermedias-y-clinicas-privadas-de-salud-y-la-osp-de-san-juan\/","title":{"rendered":"Reuni\u00f3n entre las Asociaciones Intermedias y Cl\u00ednicas Privadas de Salud y la OSP de San Juan"},"content":{"rendered":"<p>Las autoridades de la Obra Social Provincia del Ministerio de Salud P\u00fablica del Gobierno de San Juan mantuvieron un encuentro con Asociaciones Intermedias y Cl\u00ednicas Privadas de Salud.<\/p>\n<p>La reuni\u00f3n fue presidida por el Interventor de la OSP, Dr. Miguel Greco junto a funcionarios de la instituci\u00f3n con representantes de la Asociaciones intermedias y cl\u00ednicas privadas de salud\u00a0para evaluar la situaci\u00f3n del sector y establecer acuerdos que definan los incrementos del \u00faltimo tramo de 2022.<\/p>\n<p>Por ello, se comunic\u00f3 que para los meses de Noviembre y Diciembre 2022 los incrementos otorgados alcanza entre el 80 % y 90 % de aumento total en el a\u00f1o.<\/p>\n<p>Esto significa un ofrecimiento de la OSP pero quedaron en reunirse nuevamente.<\/p>\n<p>Publicado el Viernes, 02 de Noviembre de 2022<\/p>\n","protected":false},"excerpt":{"rendered":"<p>Las autoridades de la Obra Social Provincia del Ministerio de Salud P\u00fablica del Gobierno de San Juan mantuvieron un encuentro<\/p>\n","protected":false},"author":3,"featured_media":53683,"comment_status":"closed","ping_status":"closed","sticky":false,"template":"","format":"standard","meta":{"_acf_changed":false,"_seopress_robots_primary_cat":"none","_seopress_titles_title":"","_seopress_titles_desc":"","_seopress_robots_index":"","colormag_page_container_layout":"default_layout","colormag_page_sidebar_layout":"default_layout","footnotes":""},"categories":[1],"tags":[],"class_list":["post-54965","post","type-post","status-publish","format-standard","has-post-thumbnail","hentry","category-destacadas"],"acf":[],"_links":{"self":[{"href":"https:\/\/vocesparalelas.com.ar\/sitio\/wp-json\/wp\/v2\/posts\/54965","targetHints":{"allow":["GET"]}}],"collection":[{"href":"https:\/\/vocesparalelas.com.ar\/sitio\/wp-json\/wp\/v2\/posts"}],"about":[{"href":"https:\/\/vocesparalelas.com.ar\/sitio\/wp-json\/wp\/v2\/types\/post"}],"author":[{"embeddable":true,"href":"https:\/\/vocesparalelas.com.ar\/sitio\/wp-json\/wp\/v2\/users\/3"}],"replies":[{"embeddable":true,"href":"https:\/\/vocesparalelas.com.ar\/sitio\/wp-json\/wp\/v2\/comments?post=54965"}],"version-history":[{"count":2,"href":"https:\/\/vocesparalelas.com.ar\/sitio\/wp-json\/wp\/v2\/posts\/54965\/revisions"}],"predecessor-version":[{"id":54968,"href":"https:\/\/vocesparalelas.com.ar\/sitio\/wp-json\/wp\/v2\/posts\/54965\/revisions\/54968"}],"wp:featuredmedia":[{"embeddable":true,"href":"https:\/\/vocesparalelas.com.ar\/sitio\/wp-json\/wp\/v2\/media\/53683"}],"wp:attachment":[{"href":"https:\/\/vocesparalelas.com.ar\/sitio\/wp-json\/wp\/v2\/media?parent=54965"}],"wp:term":[{"taxonomy":"category","embeddable":true,"href":"https:\/\/vocesparalelas.com.ar\/sitio\/wp-json\/wp\/v2\/categories?post=54965"},{"taxonomy":"post_tag","embeddable":true,"href":"https:\/\/vocesparalelas.com.ar\/sitio\/wp-json\/wp\/v2\/tags?post=54965"}],"curies":[{"name":"wp","href":"https:\/\/api.w.org\/{rel}","templated":true}]}}