{"id":54962,"date":"2022-12-02T19:37:45","date_gmt":"2022-12-02T22:37:45","guid":{"rendered":"https:\/\/vocesparalelas.com.ar\/sitio\/?p=54962"},"modified":"2022-12-05T00:07:43","modified_gmt":"2022-12-05T03:07:43","slug":"45-propuestas-que-buscan-el-financiamiento-de-los-contribuyentes","status":"publish","type":"post","link":"https:\/\/vocesparalelas.com.ar\/sitio\/45-propuestas-que-buscan-el-financiamiento-de-los-contribuyentes\/","title":{"rendered":"45 propuestas que buscan el financiamiento de los contribuyentes"},"content":{"rendered":"<div class=\"itemFullText\">\n<p>El Ministerio de Turismo y Cultura del Gobierno de San Juan informa los primeros proyectos declarados de inter\u00e9s cultural por el Consejo en el marco de la Ley de Mecenazgo. En total, son 45 las propuestas que buscan el financiamiento de los contribuyentes de Ingresos Brutos.<\/p>\n<p>El Mecenazgo, es una ley que crea un R\u00e9gimen de Promoci\u00f3n Cultural de San Juan que depende del aporte de los contribuyentes al desarrollo cultural provincial.<\/p>\n<p>El monto de los financiamientos efectuados por los patrocinadores es considerado como un pago a cuenta del impuesto correspondiente al ejercicio de la efectivizaci\u00f3n del aporte, hasta el monto asignado al proyecto por la autoridad de aplicaci\u00f3n.<\/p>\n<p>En ning\u00fan caso, se puede destinar m\u00e1s del 25 % de determinaci\u00f3n anual de los Ingresos Brutos del ejercicio anterior al del aporte. Para acceder a este beneficio, el Patrocinador debe encontrarse al d\u00eda con sus obligaciones tributarias.<\/p>\n<p>Tambi\u00e9n, hay que tener en cuenta que los hacedores pueden presentar sus propios patrocinadores bajo las condiciones antes mencionadas. Adem\u00e1s, en caso de no encontrar ayuda, el Ministerio de Turismo y Cultura, s\u00f3lo intervendr\u00e1 en la difusi\u00f3n del proyecto en medios de comunicaci\u00f3n y redes sociales con el fin de captar interesados.<\/p>\n<p>En esta primera selecci\u00f3n, hay proyectos de \u00e1reas como: Artes Visuales \/ Editorial; Teatro \/ Artes esc\u00e9nicas; Editorial; M\u00fasica; Artes Visuales; Circo \/ Teatro; Danza; Audiovisual; Periodismo Cultural; M\u00fasica \/ Coros; Artesan\u00eda \/ Tejidos \/ Comunidades; Teatro; M\u00fasica \/ \u00f3pera; Historia; Comunidades; Arte Urbano e Historia \/ Comunidades. Estas, divididas en las categor\u00edas de: creaci\u00f3n, producci\u00f3n, difusi\u00f3n o circulaci\u00f3n de obras art\u00edsticas; investigaci\u00f3n, y capacitaci\u00f3n, formaci\u00f3n o perfeccionamiento.<\/p>\n<p>Los contribuyentes interesados pueden comunicarse con la Direcci\u00f3n de Acci\u00f3n Cultural para obtener m\u00e1s detalles c\u00f3mo colaborar.<\/p>\n<p><span style=\"color: #339966;\"><strong>Proyectos que pueden ser patrocinados<\/strong><\/span><\/p>\n<ul>\n<li>Antolog\u00eda po\u00e9tica ilustrada sobre Interpretaci\u00f3n de las Leyendas Sanjuaninas.<\/li>\n<li>Programa Metateatro.<\/li>\n<li>Producci\u00f3n y montaje de la Obra Teatral \u201cMam\u00e1 est\u00e1 m\u00e1s chiquita\u201d.<\/li>\n<li>Edici\u00f3n del libro por los 40 A\u00f1os de Mozarteum San Juan.<\/li>\n<li>Sexta edici\u00f3n de San Juan Jazz Day 2023.<\/li>\n<li>Llenar de libros San Juan &#8211; Producci\u00f3n y Distribuci\u00f3n de literatura local.<\/li>\n<li>Edici\u00f3n de libro de Maaanso Encuentro de Muralistas.<\/li>\n<li>Exposici\u00f3n y circulaci\u00f3n de obras de artistas locales.<\/li>\n<li>Adaptaci\u00f3n de la propuesta esc\u00e9nica \u201cSe arm\u00f3 la chacota\u201d Obra de circo teatro.<\/li>\n<li>Ciclo Flamenco &#8211; Festival de danza espa\u00f1ola.<\/li>\n<li>Producci\u00f3n de Serie de 4 cap\u00edtulos El club de las fracasadas.<\/li>\n<li>Podcast \u00abConversaciones en la pecera \u00bb destinado a la producci\u00f3n de debates en torno a tem\u00e1ticas espec\u00edficas del cine.<\/li>\n<li>Noticiero de Cultura y Espect\u00e1culos. Informativo por TV.<\/li>\n<li>Podcast Carnaval de afectos. Entrevistas a artistas y agentes de la cultura que residan en San Juan e intercambios con artistas y agentes residentes en Madrid.<\/li>\n<li>San Juan Canta 2023. Concurso y Festival internacional de Coros.<\/li>\n<li>Milonga del Parque. Clases de tango, muestras art\u00edsticas, noches tem\u00e1ticas en torno al Tango.<\/li>\n<li>Serie policial de suspenso de 8 cap\u00edtulos \u00abEl canto del murci\u00e9lago\u00bb.<\/li>\n<li>La Gran Revista del Sol &#8211; Teatro de Revista en los departamentos de San Juan.<\/li>\n<li>Libros Educativos con contenido para el aprendizaje de ilustraci\u00f3n destinado a ni\u00f1os, adolescentes y adultos.<\/li>\n<li>Conocemos las manos que tejen nuestras redes. Talleres de co creaci\u00f3n hilado y tejido de lana de llamas. Calingasta.<\/li>\n<li>Conciertos de la Orquesta Sinf\u00f3nica de la UNSJ en los Departamentos del Gran San Juan.<\/li>\n<li>Gira de Concierto del Ensamble Barroco por San Juan con registro audiovisual.<\/li>\n<li>Adobe. Proyecto de investigaci\u00f3n y creaci\u00f3n art\u00edstica sobre archivos audiovisuales del terremoto de San Juan de 1944.<\/li>\n<li>Obra de teatro \u00abMuchachas\u00bb sobre la deconstrucci\u00f3n de mandatos patriarcales en los \u00e1mbitos laborales.<\/li>\n<li>Solas Encuentro. Residencia de creaci\u00f3n regional de Teatro.<\/li>\n<li>Espect\u00e1culo multidisciplinario \u00abCordillera Brava\u00bb a partir de las poes\u00edas de Jorge Le\u00f3nidas Escudero.<\/li>\n<li>Tierra Brava &#8211; Festival de Arte Contempor\u00e1neo Multimedial.<\/li>\n<li>Montaje y Producci\u00f3n \u00d3pera Basti\u00e1n y Bastiana.<\/li>\n<li>Jardinero de la Cultura. Publicaci\u00f3n y difusi\u00f3n de obras Pepe Campus.<\/li>\n<li>\u00cdndice de documentos judiciales y notariales sanjuaninos de la primera mitad del siglo XVIII.<\/li>\n<li>Investigaci\u00f3n sobre el Patrimonio cultural de la Sociedad Israelita de Beneficencia.<\/li>\n<li>Sitio digital \u00abSan Juan Urbano\u00bb con informaci\u00f3n relacionada a las culturas urbanas de la provincia.<\/li>\n<li>Identidad Club de Barrio &#8211; Recopilaci\u00f3n de las historias de los Clubes Barriales.<\/li>\n<li>Programa Intensivo de T\u00e9cnica e Interpretaci\u00f3n Musical de la Jacobs School of Music.<\/li>\n<li>Perfeccionamiento de Fernando L\u00e1zari, bar\u00edtono con los maestros Omar Carri\u00f3n y Eduviges Picone.<\/li>\n<li>Tejiendo sue\u00f1os, creando tramas &#8211; Talleres de capacitaci\u00f3n en tejido tradicional criollo con las comunidades de 25 de Mayo.<\/li>\n<li>Perfeccionamiento en Organer\u00eda. Formaci\u00f3n como t\u00e9cnico en el mantenimiento de \u00f3rganos a tubos en Francia.<\/li>\n<li>\u00abExperiencia Broadway\u00bb. Perfeccionamiento en estudios de canto.<\/li>\n<li>Encuentro Nacional de Artesanos con talleres formativos.<\/li>\n<li>1\u00b0 Edici\u00f3n del Festival de Tango en San Juan.<\/li>\n<li>Formaci\u00f3n de RH: Pianista Preparador de \u00d3peras y de Obras de M\u00fasica Vocal Acad\u00e9mica, para el trabajo con solistas, peque\u00f1os grupos de cantantes y grandes coros.<\/li>\n<li>Cl\u00ednicas de formaci\u00f3n y perfeccionamiento para int\u00e9rpretes esc\u00e9nicos.<\/li>\n<li>Festival regional de Teatro Musical. San Juan 2023.<\/li>\n<li>Capacitaci\u00f3n del tenor Francisco Castillo con los maestros Dar\u00edo Schmunck y Eduviges Picone.<\/li>\n<\/ul>\n<\/div>\n<div class=\"clr\">Publicado el Viernes, 02 de Diciembre de 2022<\/div>\n","protected":false},"excerpt":{"rendered":"<p>El Ministerio de Turismo y Cultura del Gobierno de San Juan informa los primeros proyectos declarados de inter\u00e9s cultural por<\/p>\n","protected":false},"author":3,"featured_media":35088,"comment_status":"closed","ping_status":"closed","sticky":false,"template":"","format":"standard","meta":{"_acf_changed":false,"_seopress_robots_primary_cat":"none","_seopress_titles_title":"","_seopress_titles_desc":"","_seopress_robots_index":"","colormag_page_container_layout":"default_layout","colormag_page_sidebar_layout":"default_layout","footnotes":""},"categories":[2],"tags":[],"class_list":["post-54962","post","type-post","status-publish","format-standard","has-post-thumbnail","hentry","category-convocatorias"],"acf":[],"_links":{"self":[{"href":"https:\/\/vocesparalelas.com.ar\/sitio\/wp-json\/wp\/v2\/posts\/54962","targetHints":{"allow":["GET"]}}],"collection":[{"href":"https:\/\/vocesparalelas.com.ar\/sitio\/wp-json\/wp\/v2\/posts"}],"about":[{"href":"https:\/\/vocesparalelas.com.ar\/sitio\/wp-json\/wp\/v2\/types\/post"}],"author":[{"embeddable":true,"href":"https:\/\/vocesparalelas.com.ar\/sitio\/wp-json\/wp\/v2\/users\/3"}],"replies":[{"embeddable":true,"href":"https:\/\/vocesparalelas.com.ar\/sitio\/wp-json\/wp\/v2\/comments?post=54962"}],"version-history":[{"count":1,"href":"https:\/\/vocesparalelas.com.ar\/sitio\/wp-json\/wp\/v2\/posts\/54962\/revisions"}],"predecessor-version":[{"id":54964,"href":"https:\/\/vocesparalelas.com.ar\/sitio\/wp-json\/wp\/v2\/posts\/54962\/revisions\/54964"}],"wp:featuredmedia":[{"embeddable":true,"href":"https:\/\/vocesparalelas.com.ar\/sitio\/wp-json\/wp\/v2\/media\/35088"}],"wp:attachment":[{"href":"https:\/\/vocesparalelas.com.ar\/sitio\/wp-json\/wp\/v2\/media?parent=54962"}],"wp:term":[{"taxonomy":"category","embeddable":true,"href":"https:\/\/vocesparalelas.com.ar\/sitio\/wp-json\/wp\/v2\/categories?post=54962"},{"taxonomy":"post_tag","embeddable":true,"href":"https:\/\/vocesparalelas.com.ar\/sitio\/wp-json\/wp\/v2\/tags?post=54962"}],"curies":[{"name":"wp","href":"https:\/\/api.w.org\/{rel}","templated":true}]}}