{"id":54955,"date":"2022-12-01T20:17:59","date_gmt":"2022-12-01T23:17:59","guid":{"rendered":"https:\/\/vocesparalelas.com.ar\/sitio\/?p=54955"},"modified":"2022-12-02T00:18:23","modified_gmt":"2022-12-02T03:18:23","slug":"analizaron-el-proyecto-de-ley-de-honorarios-de-los-profesionales-de-la-abogacia-de-san-juan","status":"publish","type":"post","link":"https:\/\/vocesparalelas.com.ar\/sitio\/analizaron-el-proyecto-de-ley-de-honorarios-de-los-profesionales-de-la-abogacia-de-san-juan\/","title":{"rendered":"Analizaron el Proyecto de Ley de Honorarios de los profesionales de la Abogac\u00eda de San Juan"},"content":{"rendered":"<div class=\"itemFullText jbintrotext\">\n<p>Los diputados de las comisiones de Justicia y Seguridad, y Legislaci\u00f3n y Asuntos Constitucionales &#8211; LAC &#8211; recibieron a una delegaci\u00f3n de abogados presidida por el presidente del Foro de Abogados, Dr. Marcelo \u00c1lvarez, quienes forman parte de la comisi\u00f3n redactora del proyecto de Ley de Honorarios de los profesionales de la Abogac\u00eda.<\/p>\n<\/div>\n<div class=\"itemFullText\">\n<p>La reuni\u00f3n fue llevada a cabo en el segundo piso del edificio anexo de la Legislatura y estuvieron presentes las legisladoras titulares de las comisiones, Dra. Celina Ramella, de Justicia y Seguridad; y Dra. Marcela Monti, de LAC; las diputadas Dra. Florencia Pe\u00f1aloza, Dra. Nancy Pic\u00f3n, Dra. Fernanda Paredes y los diputados Dr. Edgardo Sancassani y Jos\u00e9 Luis Esteve. De la Comisi\u00f3n Redactora asistieron los abogados Federico Molinero, Roberto Ram\u00edrez, Gustavo S\u00e1nchez, Jos\u00e9 Ovalles Coscia, Rodolfo L\u00f3pez y Gabriela Lansone.<\/p>\n<p>En la ocasi\u00f3n, la Comisi\u00f3n Redactora inform\u00f3 los objetivos que persiguen con esta propuesta de Ley que son los siguientes:<\/p>\n<ul>\n<li>Adaptar la Ley Arancelaria a los nuevos c\u00f3digos y procedimientos<\/li>\n<li>Actualizar las escalas arancelarias<\/li>\n<li>Evitar la discrecionalidad en las regulaciones<\/li>\n<li>Proteger los honorarios de la desvalorizaci\u00f3n<\/li>\n<li>Agilizar la regulaci\u00f3n y el cobro de honorarios<\/li>\n<li>Fijar montos en procesos de cuant\u00eda econ\u00f3mica.<\/li>\n<\/ul>\n<p>Asimismo, explicaron que la reforma es de \u00edndole integral y comienza con las siguientes disposiciones:<\/p>\n<ul>\n<li>El car\u00e1cter oneroso de la actividad profesional, sin admitir prueba en contrario.<\/li>\n<li>Se establece el car\u00e1cter alimentario de los honorarios de los abogados.<\/li>\n<li>El embargo especial a favor de los profesionales que deben percibir honorarios, embargo legal sobre todo valor, dinero, o cosa que eventualmente deba responder al pago de aquellos.<\/li>\n<li>La inembargabilidad de los honorarios que no superen la suma equivalente al Salario M\u00ednimo Vital y M\u00f3vil. La propiedad exclusiva de los mismos.<\/li>\n<li>Se crea la UMA (Unidad de Medida Arancelaria) para la regulaci\u00f3n de los mismos.<\/li>\n<li>Se establece la obligaci\u00f3n de los jueces de no dar por concluido el proceso judicial si no hay cancelaci\u00f3n de los honorarios profesionales.<\/li>\n<\/ul>\n<p>En el transcurso de la exposici\u00f3n, la comisi\u00f3n aclar\u00f3 las dudas planteadas por parte de los diputados en un clima cordial de di\u00e1logo y consenso que les permiti\u00f3 avanzar en el tratamiento del proyecto y que tendr\u00e1 continuidad en pr\u00f3ximas reuniones.<\/p>\n<p>Publicado el Jueves, 01 de Diciembre de 2022<\/p>\n<\/div>\n","protected":false},"excerpt":{"rendered":"<p>Los diputados de las comisiones de Justicia y Seguridad, y Legislaci\u00f3n y Asuntos Constitucionales &#8211; LAC &#8211; recibieron a una<\/p>\n","protected":false},"author":3,"featured_media":54957,"comment_status":"closed","ping_status":"closed","sticky":false,"template":"","format":"standard","meta":{"_acf_changed":false,"_seopress_robots_primary_cat":"none","_seopress_titles_title":"","_seopress_titles_desc":"","_seopress_robots_index":"","colormag_page_container_layout":"default_layout","colormag_page_sidebar_layout":"default_layout","footnotes":""},"categories":[1],"tags":[],"class_list":["post-54955","post","type-post","status-publish","format-standard","has-post-thumbnail","hentry","category-destacadas"],"acf":[],"_links":{"self":[{"href":"https:\/\/vocesparalelas.com.ar\/sitio\/wp-json\/wp\/v2\/posts\/54955","targetHints":{"allow":["GET"]}}],"collection":[{"href":"https:\/\/vocesparalelas.com.ar\/sitio\/wp-json\/wp\/v2\/posts"}],"about":[{"href":"https:\/\/vocesparalelas.com.ar\/sitio\/wp-json\/wp\/v2\/types\/post"}],"author":[{"embeddable":true,"href":"https:\/\/vocesparalelas.com.ar\/sitio\/wp-json\/wp\/v2\/users\/3"}],"replies":[{"embeddable":true,"href":"https:\/\/vocesparalelas.com.ar\/sitio\/wp-json\/wp\/v2\/comments?post=54955"}],"version-history":[{"count":1,"href":"https:\/\/vocesparalelas.com.ar\/sitio\/wp-json\/wp\/v2\/posts\/54955\/revisions"}],"predecessor-version":[{"id":54958,"href":"https:\/\/vocesparalelas.com.ar\/sitio\/wp-json\/wp\/v2\/posts\/54955\/revisions\/54958"}],"wp:featuredmedia":[{"embeddable":true,"href":"https:\/\/vocesparalelas.com.ar\/sitio\/wp-json\/wp\/v2\/media\/54957"}],"wp:attachment":[{"href":"https:\/\/vocesparalelas.com.ar\/sitio\/wp-json\/wp\/v2\/media?parent=54955"}],"wp:term":[{"taxonomy":"category","embeddable":true,"href":"https:\/\/vocesparalelas.com.ar\/sitio\/wp-json\/wp\/v2\/categories?post=54955"},{"taxonomy":"post_tag","embeddable":true,"href":"https:\/\/vocesparalelas.com.ar\/sitio\/wp-json\/wp\/v2\/tags?post=54955"}],"curies":[{"name":"wp","href":"https:\/\/api.w.org\/{rel}","templated":true}]}}