{"id":54947,"date":"2022-12-01T23:02:07","date_gmt":"2022-12-02T02:02:07","guid":{"rendered":"https:\/\/vocesparalelas.com.ar\/sitio\/?p=54947"},"modified":"2022-12-01T23:02:07","modified_gmt":"2022-12-02T02:02:07","slug":"primer-mercado-provincial-de-cooperativas-en-san-juan","status":"publish","type":"post","link":"https:\/\/vocesparalelas.com.ar\/sitio\/primer-mercado-provincial-de-cooperativas-en-san-juan\/","title":{"rendered":"Primer Mercado Provincial de Cooperativas en San Juan"},"content":{"rendered":"<div class=\"itemFullText\">\n<p>El sector cooperativo se ha constituido en un motor de la econom\u00eda local que est\u00e1 en constante crecimiento, gracias al trabajo sin\u00e9rgico entre los asociados y al apoyo del Estado, contribuyendo de esta manera al desarrollo comunitario de la provincia.<\/p>\n<p>En este sentido, es que se realiza por primera vez en San Juan el Mercado Provincial Cooperativo, donde participan m\u00e1s de 60 cooperativas de diferentes rubros: textiles, productoras de alimentos, agr\u00edcolas, mineras, entre otras.<\/p>\n<p>La actividad, organizada por el Ministerio de Desarrollo Humano y Promoci\u00f3n Social del Gobierno de San Juan, a trav\u00e9s de la Direcci\u00f3n de Cooperativas, en el Complejo Cultural y Deportivo La Superiora, el S\u00e1bado, 3 de Diciembre, de 18 a 00 horas, y el Domingo 4 de Diciembre, de 17 a 22 horas.<\/p>\n<p>Con entrada totalmente libre y gratuita, las familias pueden pasear, recorrer la feria y comprar los productos ofrecidos por cada cooperativa. Adem\u00e1s, tiene la posibilidad de disfrutar los espect\u00e1culos art\u00edsticos de m\u00fasica y danza, con la presencia de destacados artistas locales, y compartir en el patio de comidas.<\/p>\n<p>Cabe destacar que, con el objetivo de continuar fortaleciendo espacios de comercializaci\u00f3n, esta iniciativa surge como fruto de la Expo Feria realizada en el mes de julio, que les dio a los cooperativistas por primera vez la oportunidad de exponer su trabajo a la comunidad, y tuvo una gran recepci\u00f3n por parte del p\u00fablico.<\/p>\n<p><span style=\"color: #339966;\"><strong>Grilla de artistas<\/strong><\/span><\/p>\n<p>S\u00e1bado 3 de Diciembre<\/p>\n<ul>\n<li>Cultura Drag<\/li>\n<li>D\u00edaz Heredia<\/li>\n<li>Los Genios<\/li>\n<li>La Oveja Negra y los Garc\u00eda<\/li>\n<\/ul>\n<p>Domingo, 4 de Diciembre<\/p>\n<ul>\n<li>Circo Alocado<\/li>\n<li>El\u00edas Jacomo<\/li>\n<li>Vanguardia Ballet<\/li>\n<li>Los Genios<\/li>\n<\/ul>\n<\/div>\n<div class=\"clr\"><\/div>\n<div class=\"itemContentFooter\"><span class=\"itemDateModified\">Publicado el Jueves, 01 de Diciembre de 2022<\/span><\/div>\n","protected":false},"excerpt":{"rendered":"<p>El sector cooperativo se ha constituido en un motor de la econom\u00eda local que est\u00e1 en constante crecimiento, gracias al<\/p>\n","protected":false},"author":3,"featured_media":54949,"comment_status":"closed","ping_status":"closed","sticky":false,"template":"","format":"standard","meta":{"_acf_changed":false,"_seopress_robots_primary_cat":"none","_seopress_titles_title":"","_seopress_titles_desc":"","_seopress_robots_index":"","colormag_page_container_layout":"default_layout","colormag_page_sidebar_layout":"default_layout","footnotes":""},"categories":[1],"tags":[],"class_list":["post-54947","post","type-post","status-publish","format-standard","has-post-thumbnail","hentry","category-destacadas"],"acf":[],"_links":{"self":[{"href":"https:\/\/vocesparalelas.com.ar\/sitio\/wp-json\/wp\/v2\/posts\/54947","targetHints":{"allow":["GET"]}}],"collection":[{"href":"https:\/\/vocesparalelas.com.ar\/sitio\/wp-json\/wp\/v2\/posts"}],"about":[{"href":"https:\/\/vocesparalelas.com.ar\/sitio\/wp-json\/wp\/v2\/types\/post"}],"author":[{"embeddable":true,"href":"https:\/\/vocesparalelas.com.ar\/sitio\/wp-json\/wp\/v2\/users\/3"}],"replies":[{"embeddable":true,"href":"https:\/\/vocesparalelas.com.ar\/sitio\/wp-json\/wp\/v2\/comments?post=54947"}],"version-history":[{"count":1,"href":"https:\/\/vocesparalelas.com.ar\/sitio\/wp-json\/wp\/v2\/posts\/54947\/revisions"}],"predecessor-version":[{"id":54950,"href":"https:\/\/vocesparalelas.com.ar\/sitio\/wp-json\/wp\/v2\/posts\/54947\/revisions\/54950"}],"wp:featuredmedia":[{"embeddable":true,"href":"https:\/\/vocesparalelas.com.ar\/sitio\/wp-json\/wp\/v2\/media\/54949"}],"wp:attachment":[{"href":"https:\/\/vocesparalelas.com.ar\/sitio\/wp-json\/wp\/v2\/media?parent=54947"}],"wp:term":[{"taxonomy":"category","embeddable":true,"href":"https:\/\/vocesparalelas.com.ar\/sitio\/wp-json\/wp\/v2\/categories?post=54947"},{"taxonomy":"post_tag","embeddable":true,"href":"https:\/\/vocesparalelas.com.ar\/sitio\/wp-json\/wp\/v2\/tags?post=54947"}],"curies":[{"name":"wp","href":"https:\/\/api.w.org\/{rel}","templated":true}]}}