{"id":54937,"date":"2022-11-30T22:04:19","date_gmt":"2022-12-01T01:04:19","guid":{"rendered":"https:\/\/vocesparalelas.com.ar\/sitio\/?p=54937"},"modified":"2022-11-30T22:17:37","modified_gmt":"2022-12-01T01:17:37","slug":"egresados-de-la-carrera-tecnicatura-y-licenciatura-universitaria-en-archivistica-de-san-juan","status":"publish","type":"post","link":"https:\/\/vocesparalelas.com.ar\/sitio\/egresados-de-la-carrera-tecnicatura-y-licenciatura-universitaria-en-archivistica-de-san-juan\/","title":{"rendered":"Egresados de la carrera Tecnicatura y Licenciatura Universitaria en Archiv\u00edstica de San Juan"},"content":{"rendered":"<p>\u201cLa Universidad Nacional de San Juan, la Universidad p\u00fablica, se congratula en entregarles el t\u00edtulo de T\u00e9cnicos Universitarios en Archiv\u00edstica, carrera a cargo del Departamento de Historia de la Facultad de Filosof\u00eda, Humanidades y Artes, que surge de una actividad conjunta entre la Universidad Nacional de San Juan y el Gobierno de la Provincia\u201d, expres\u00f3 el rector de la UNSJ, Ing. Tadeo Berenguer.<\/p>\n<p>Fue en una ceremonia hist\u00f3rica, 333 t\u00e9cnicas y t\u00e9cnicos en Archiv\u00edstica recibieron sus t\u00edtulos de grado, correspondiente a la primera cohorte de la carrera que puso en marcha la UNSJ a trav\u00e9s de un acuerdo con el Gobierno de San Juan.<\/p>\n<p>El lugar elegido fue el Estadio Aldo Cantoni, que luci\u00f3 con sus gradas colmadas de p\u00fablico. La mesa de autoridades estuvo presidida por el rector de la UNSJ, Ing. Tadeo Berenguer, acompa\u00f1ado por la vicerrectora Dra. Anal\u00eda Ponce y la decana de la FFHA, Mg. Myriam Arrabal.<\/p>\n<p>Por el Gobierno de la Provincia, estuvieron presentes el secretario de Relaciones Institucionales, Lic. Marcelo Fretes; el director del Sistema Provincial de Archivo y Archivo General de la Provincia, Prof. Gast\u00f3n Reino; la directora de Culto y ONG, Dra. Liliana Olgu\u00edn, adem\u00e1s de otras autoridades universitarias y provinciales.<\/p>\n<p>Cabe se\u00f1alar que la carrera de Archiv\u00edstica fue creada en el a\u00f1o 2019, mediante un convenio suscripto entre la UNSJ y el Gobierno, con el fin de capacitar en especial al personal que se desempe\u00f1a en el Archivo General de la Provincia y en otras dependencias de similares caracter\u00edsticas. Entre quienes recibieron hoy su t\u00edtulo, se encuentran aquellas y aquellos t\u00e9cnicos que optaron por continuar sus estudios para alcanzar la Licenciatura en Archiv\u00edstica.<\/p>\n<p>\u201cLa carrera de Archiv\u00edstica super\u00f3 las expectativas de inscripci\u00f3n para la primera promoci\u00f3n. Personas de distintas edades confiaron en nuestra universidad para esta carrera, de la cual ahora hay m\u00e1s de trescientos egresados y egresadas\u201d, dijo el Ing. Tadeo Berenguer.<\/p>\n<div class=\"clr\">Publicado el Mi\u00e9rcoles,\u00a0 30 de Noviembre de 2022<\/div>\n","protected":false},"excerpt":{"rendered":"<p>\u201cLa Universidad Nacional de San Juan, la Universidad p\u00fablica, se congratula en entregarles el t\u00edtulo de T\u00e9cnicos Universitarios en Archiv\u00edstica,<\/p>\n","protected":false},"author":3,"featured_media":54939,"comment_status":"closed","ping_status":"closed","sticky":false,"template":"","format":"standard","meta":{"_acf_changed":false,"_seopress_robots_primary_cat":"none","_seopress_titles_title":"","_seopress_titles_desc":"","_seopress_robots_index":"","colormag_page_container_layout":"default_layout","colormag_page_sidebar_layout":"default_layout","footnotes":""},"categories":[1],"tags":[],"class_list":["post-54937","post","type-post","status-publish","format-standard","has-post-thumbnail","hentry","category-destacadas"],"acf":[],"_links":{"self":[{"href":"https:\/\/vocesparalelas.com.ar\/sitio\/wp-json\/wp\/v2\/posts\/54937","targetHints":{"allow":["GET"]}}],"collection":[{"href":"https:\/\/vocesparalelas.com.ar\/sitio\/wp-json\/wp\/v2\/posts"}],"about":[{"href":"https:\/\/vocesparalelas.com.ar\/sitio\/wp-json\/wp\/v2\/types\/post"}],"author":[{"embeddable":true,"href":"https:\/\/vocesparalelas.com.ar\/sitio\/wp-json\/wp\/v2\/users\/3"}],"replies":[{"embeddable":true,"href":"https:\/\/vocesparalelas.com.ar\/sitio\/wp-json\/wp\/v2\/comments?post=54937"}],"version-history":[{"count":1,"href":"https:\/\/vocesparalelas.com.ar\/sitio\/wp-json\/wp\/v2\/posts\/54937\/revisions"}],"predecessor-version":[{"id":54940,"href":"https:\/\/vocesparalelas.com.ar\/sitio\/wp-json\/wp\/v2\/posts\/54937\/revisions\/54940"}],"wp:featuredmedia":[{"embeddable":true,"href":"https:\/\/vocesparalelas.com.ar\/sitio\/wp-json\/wp\/v2\/media\/54939"}],"wp:attachment":[{"href":"https:\/\/vocesparalelas.com.ar\/sitio\/wp-json\/wp\/v2\/media?parent=54937"}],"wp:term":[{"taxonomy":"category","embeddable":true,"href":"https:\/\/vocesparalelas.com.ar\/sitio\/wp-json\/wp\/v2\/categories?post=54937"},{"taxonomy":"post_tag","embeddable":true,"href":"https:\/\/vocesparalelas.com.ar\/sitio\/wp-json\/wp\/v2\/tags?post=54937"}],"curies":[{"name":"wp","href":"https:\/\/api.w.org\/{rel}","templated":true}]}}