{"id":54933,"date":"2022-11-30T20:35:12","date_gmt":"2022-11-30T23:35:12","guid":{"rendered":"https:\/\/vocesparalelas.com.ar\/sitio\/?p=54933"},"modified":"2022-12-02T23:18:43","modified_gmt":"2022-12-03T02:18:43","slug":"caminata-saludable-activa-tu-salud-en-san-juan","status":"publish","type":"post","link":"https:\/\/vocesparalelas.com.ar\/sitio\/caminata-saludable-activa-tu-salud-en-san-juan\/","title":{"rendered":"Caminata saludable \u201cActiva tu salud\u201d en San Juan"},"content":{"rendered":"<div class=\"itemFullText\">\n<p>el Ministerio de Salud P\u00fablica del Gobierno de San Juan, desde la Direcci\u00f3n de Programas, brind\u00f3 los detalles del\u00a0 evento de cierre anual de enfermedades cr\u00f3nicas no transmisibles \u201cActiva tu salud\u201d, que se desarrolla el S\u00e1bado, 3 de Diciembre, a partir de las 8.30 hs.; con punto de encuentro en el Monumento al Deporte del Parque de Mayo y cuenta de un circuito de salud acompa\u00f1ado por una caminata saludable.<\/p>\n<p>El circuito de salud est\u00e1 conformado por los siguientes programas, instituciones y divisiones:<\/p>\n<ul>\n<li>Lucha Contra el Sedentarismo;<\/li>\n<li>Respuesta al VIH,<\/li>\n<li>S\u00edfilis,<\/li>\n<li>ITS y Hepatitis Virales;<\/li>\n<li>Alcoholismo y Control de Tabaco;<\/li>\n<li>Salud en Contexto de Encierro;<\/li>\n<li>Control y detecci\u00f3n de enfermedad celiaca;<\/li>\n<li>Unidad de Salud Renal;<\/li>\n<li>PROSADIA; REDES y PROTEGER;<\/li>\n<li>Mujeres + Sanas;<\/li>\n<li>Adulto Mayor;<\/li>\n<li>Prevenci\u00f3n de Violencia;<\/li>\n<li>Divisi\u00f3n de Nutrici\u00f3n;<\/li>\n<li>Divisi\u00f3n de Enfermer\u00eda;<\/li>\n<li>Divisi\u00f3n de Odontolog\u00eda,<\/li>\n<li>Divisi\u00f3n de Atenci\u00f3n Primaria de la Salud;<\/li>\n<li>Divisi\u00f3n de Salud Mental;<\/li>\n<li>Divisi\u00f3n de Prensa y Comunicaci\u00f3n,<\/li>\n<li>INAISA \u2013 INCUCAI;<\/li>\n<li>IPHEM y<\/li>\n<li>Centro Terap\u00e9utico Aurora P\u00e9rez.<\/li>\n<\/ul>\n<p>En ese marco, las autoridades de salud conformadas por el Secretario T\u00e9cnico, Dr. Juan Pablo Pacheco, la Directora de Programas, Lic. Teresa Laciar, la jefa de la Divisi\u00f3n de APS, Dra. Gabriela Guti\u00e9rrez y la referente del programa de Lucha Contra el Sedentarismo, Prof. Cecilia P\u00e9rez, hablaron sobre esta iniciativa que se viene realizando en los \u00faltimos a\u00f1os, destacando la favorable respuesta por parte de la gente.<\/p>\n<p>En primer lugar, el Dr. Pacheco dio la bienvenida a las autoridades presentes y resalt\u00f3 la importancia de la participaci\u00f3n por parte de la comunidad para continuar mejorando la calidad de vida a trav\u00e9s del deporte y de los controles de salud.<\/p>\n<p>Seguidamente, la Lic. Laciar habl\u00f3 sobre el cronograma de actividades que se llevaran a cabo a partir del d\u00eda jueves 1 de noviembre con el Abordaje Integral de Enfermedad Renal, seguido por la Jornada Provincial \u201cIntegrando equipos\u201d, en el marco de cierre anual de enfermedades cr\u00f3nicas.<\/p>\n<p>Por otro lado, la Prof. P\u00e9rez explic\u00f3 el circuito y destac\u00f3 que: el recorrido consistir\u00e1 en una caminata saludable conformado por postas en donde los participantes deber\u00e1n cumplir con m\u00faltiples desaf\u00edos hasta llegar a la meta. Una vez finalizada la carrera, se realizaran sorteos y a la primeras 1000 personas se les entregar\u00e1 un kit deportivo\u201d<\/p>\n<p>Cabe destacar que se conformaran dos recorridos, el primero de 1,5 km, rodeando todo el parque y el segundo de 800 metros, este \u00faltimo estar\u00e1 destinado a los pacientes del Centro Terap\u00e9utico Aurora P\u00e9rez<\/p>\n<p>En ese sentido, la coordinadora del Centro Terap\u00e9utico Aurora P\u00e9rez, Lic. Mar\u00eda Jos\u00e9 Pringles habl\u00f3 sobre este evento y destac\u00f3 que: \u201cprimera vez que los pacientes del Aurora P\u00e9rez participan de la caminata, y se ha recibido con mucha alegr\u00eda porque es una oportunidad de inclusi\u00f3n para ellos.<\/p>\n<p>\u201cPondremos en pr\u00e1ctica tambi\u00e9n de alguna forma todo lo trabajado durante el a\u00f1o desde cada una de sus terapias. Es una buena oportunidad inclusi\u00f3n para ellos y para su familia\u201d, concluy\u00f3 Pringles.<\/p>\n<\/div>\n<div class=\"clr\">Publicado el Mi\u00e9rcoles, 30 de Noviembre de 2022<\/div>\n","protected":false},"excerpt":{"rendered":"<p>el Ministerio de Salud P\u00fablica del Gobierno de San Juan, desde la Direcci\u00f3n de Programas, brind\u00f3 los detalles del\u00a0 evento<\/p>\n","protected":false},"author":3,"featured_media":54935,"comment_status":"closed","ping_status":"closed","sticky":false,"template":"","format":"standard","meta":{"_acf_changed":false,"_seopress_robots_primary_cat":"none","_seopress_titles_title":"","_seopress_titles_desc":"","_seopress_robots_index":"","colormag_page_container_layout":"default_layout","colormag_page_sidebar_layout":"default_layout","footnotes":""},"categories":[6],"tags":[],"class_list":["post-54933","post","type-post","status-publish","format-standard","has-post-thumbnail","hentry","category-eventos"],"acf":[],"_links":{"self":[{"href":"https:\/\/vocesparalelas.com.ar\/sitio\/wp-json\/wp\/v2\/posts\/54933","targetHints":{"allow":["GET"]}}],"collection":[{"href":"https:\/\/vocesparalelas.com.ar\/sitio\/wp-json\/wp\/v2\/posts"}],"about":[{"href":"https:\/\/vocesparalelas.com.ar\/sitio\/wp-json\/wp\/v2\/types\/post"}],"author":[{"embeddable":true,"href":"https:\/\/vocesparalelas.com.ar\/sitio\/wp-json\/wp\/v2\/users\/3"}],"replies":[{"embeddable":true,"href":"https:\/\/vocesparalelas.com.ar\/sitio\/wp-json\/wp\/v2\/comments?post=54933"}],"version-history":[{"count":1,"href":"https:\/\/vocesparalelas.com.ar\/sitio\/wp-json\/wp\/v2\/posts\/54933\/revisions"}],"predecessor-version":[{"id":54936,"href":"https:\/\/vocesparalelas.com.ar\/sitio\/wp-json\/wp\/v2\/posts\/54933\/revisions\/54936"}],"wp:featuredmedia":[{"embeddable":true,"href":"https:\/\/vocesparalelas.com.ar\/sitio\/wp-json\/wp\/v2\/media\/54935"}],"wp:attachment":[{"href":"https:\/\/vocesparalelas.com.ar\/sitio\/wp-json\/wp\/v2\/media?parent=54933"}],"wp:term":[{"taxonomy":"category","embeddable":true,"href":"https:\/\/vocesparalelas.com.ar\/sitio\/wp-json\/wp\/v2\/categories?post=54933"},{"taxonomy":"post_tag","embeddable":true,"href":"https:\/\/vocesparalelas.com.ar\/sitio\/wp-json\/wp\/v2\/tags?post=54933"}],"curies":[{"name":"wp","href":"https:\/\/api.w.org\/{rel}","templated":true}]}}