{"id":54926,"date":"2022-11-30T15:19:12","date_gmt":"2022-11-30T18:19:12","guid":{"rendered":"https:\/\/vocesparalelas.com.ar\/sitio\/?p=54926"},"modified":"2022-12-05T00:08:05","modified_gmt":"2022-12-05T03:08:05","slug":"horarios-de-atencion-al-publico-del-mybcns-de-san-juan","status":"publish","type":"post","link":"https:\/\/vocesparalelas.com.ar\/sitio\/horarios-de-atencion-al-publico-del-mybcns-de-san-juan\/","title":{"rendered":"Horarios de Atenci\u00f3n al P\u00fablico del MyBCNS de San Juan"},"content":{"rendered":"<p>La Direcci\u00f3n del Museo y Biblioteca Casa Natal de Sarmiento de com\u00fan acuerdo con las autoridades nacionales, ha tomado la decisi\u00f3n de reducir el horario de apertura y cierre del museo en el transcurso de Diciembre de 2022, Enero y Febrero de 2023.<\/p>\n<p>La medida adoptada se fundamenta en el resguardo de la salud de toda persona que asista al museo y en la preservaci\u00f3n y conservaci\u00f3n de los Bienes Patrimoniales que deben custodiar.<\/p>\n<p>En virtud de lo expuesto, a partir del Jueves, 01 de Diciembre de 2022, los horarios que rigen son Martes a Domingo y feriados de 8:00 a 14:00 hs.<\/p>\n<p><img loading=\"lazy\" decoding=\"async\" class=\"alignnone size-full wp-image-30229\" src=\"https:\/\/vocesparalelas.com.ar\/sitio\/wp-content\/uploads\/2020\/08\/SARMIENTO-33.jpg\" alt=\"\" width=\"800\" height=\"533\" srcset=\"https:\/\/vocesparalelas.com.ar\/sitio\/wp-content\/uploads\/2020\/08\/SARMIENTO-33.jpg 800w, https:\/\/vocesparalelas.com.ar\/sitio\/wp-content\/uploads\/2020\/08\/SARMIENTO-33-300x200.jpg 300w, https:\/\/vocesparalelas.com.ar\/sitio\/wp-content\/uploads\/2020\/08\/SARMIENTO-33-768x512.jpg 768w\" sizes=\"auto, (max-width: 800px) 100vw, 800px\" \/><\/p>\n<p>Publicado el Mi\u00e9rcoles, 30 de Noviembre de 2022<\/p>\n","protected":false},"excerpt":{"rendered":"<p>La Direcci\u00f3n del Museo y Biblioteca Casa Natal de Sarmiento de com\u00fan acuerdo con las autoridades nacionales, ha tomado la<\/p>\n","protected":false},"author":3,"featured_media":41746,"comment_status":"closed","ping_status":"closed","sticky":false,"template":"","format":"standard","meta":{"_acf_changed":false,"_seopress_robots_primary_cat":"none","_seopress_titles_title":"","_seopress_titles_desc":"","_seopress_robots_index":"","colormag_page_container_layout":"default_layout","colormag_page_sidebar_layout":"default_layout","footnotes":""},"categories":[5],"tags":[],"class_list":["post-54926","post","type-post","status-publish","format-standard","has-post-thumbnail","hentry","category-ofrecimientos"],"acf":[],"_links":{"self":[{"href":"https:\/\/vocesparalelas.com.ar\/sitio\/wp-json\/wp\/v2\/posts\/54926","targetHints":{"allow":["GET"]}}],"collection":[{"href":"https:\/\/vocesparalelas.com.ar\/sitio\/wp-json\/wp\/v2\/posts"}],"about":[{"href":"https:\/\/vocesparalelas.com.ar\/sitio\/wp-json\/wp\/v2\/types\/post"}],"author":[{"embeddable":true,"href":"https:\/\/vocesparalelas.com.ar\/sitio\/wp-json\/wp\/v2\/users\/3"}],"replies":[{"embeddable":true,"href":"https:\/\/vocesparalelas.com.ar\/sitio\/wp-json\/wp\/v2\/comments?post=54926"}],"version-history":[{"count":1,"href":"https:\/\/vocesparalelas.com.ar\/sitio\/wp-json\/wp\/v2\/posts\/54926\/revisions"}],"predecessor-version":[{"id":54928,"href":"https:\/\/vocesparalelas.com.ar\/sitio\/wp-json\/wp\/v2\/posts\/54926\/revisions\/54928"}],"wp:featuredmedia":[{"embeddable":true,"href":"https:\/\/vocesparalelas.com.ar\/sitio\/wp-json\/wp\/v2\/media\/41746"}],"wp:attachment":[{"href":"https:\/\/vocesparalelas.com.ar\/sitio\/wp-json\/wp\/v2\/media?parent=54926"}],"wp:term":[{"taxonomy":"category","embeddable":true,"href":"https:\/\/vocesparalelas.com.ar\/sitio\/wp-json\/wp\/v2\/categories?post=54926"},{"taxonomy":"post_tag","embeddable":true,"href":"https:\/\/vocesparalelas.com.ar\/sitio\/wp-json\/wp\/v2\/tags?post=54926"}],"curies":[{"name":"wp","href":"https:\/\/api.w.org\/{rel}","templated":true}]}}