{"id":54923,"date":"2022-11-30T13:25:21","date_gmt":"2022-11-30T16:25:21","guid":{"rendered":"https:\/\/vocesparalelas.com.ar\/sitio\/?p=54923"},"modified":"2022-11-30T13:25:21","modified_gmt":"2022-11-30T16:25:21","slug":"actividades-por-el-dia-internacional-de-las-personas-con-discapacidad-en-san-juan","status":"publish","type":"post","link":"https:\/\/vocesparalelas.com.ar\/sitio\/actividades-por-el-dia-internacional-de-las-personas-con-discapacidad-en-san-juan\/","title":{"rendered":"Actividades por el D\u00eda Internacional de las Personas con Discapacidad en San Juan"},"content":{"rendered":"<div class=\"itemFullText\">\n<p>Cada 3 de diciembre se recuerda el \u201cD\u00eda Internacional de las Personas con Discapacidad\u201d, proclamado en 1992 por la Asamblea General de las Naciones Unidas. El objetivo de esta fecha es promover los derechos y el bienestar de todas las personas que tienen alg\u00fan tipo de discapacidad, tanto temporal como permanente, as\u00ed como concienciar y visibilizar sobre su situaci\u00f3n, siendo cada vez m\u00e1s inclusivos como sociedad.<\/p>\n<p>Es por esto que el Ministerio de Desarrollo Humano y Promoci\u00f3n Social del Gobierno de San Juan, a trav\u00e9s de la Direcci\u00f3n de Personas con Discapacidad, propone como todos los a\u00f1os en este acontecimiento mundial brindar un encuentro donde las familias pasen un d\u00eda diferente y de acompa\u00f1amiento a todas aquellas personas con alg\u00fan tipo de discapacidad.<\/p>\n<p>El lugar destino de la celebraci\u00f3n es el \u201cPaseo las Palmeras\u201d del Parque de Mayo, el Viernes, 2 de Diciembre, a partir de las 18 horas. Lugar donde la comunidad puede disfrutar de un momento de esparcimiento con actividades sociales y recreativas acompa\u00f1adas de m\u00fasica, baile, glitter, deporte, premios, stands y mucho m\u00e1s.<\/p>\n<p>De esta manera, se espera la presencia de destacados artistas en el escenario principal con la actuaci\u00f3n de Gonzalo Saguas, Franco Nahuel Zabala, Roc\u00edo Giselle Artaza Vargas, Roque Oscar Salinas y Alejo Peralta. As\u00ed tambi\u00e9n, se cuenta con la imperdible presentaci\u00f3n de danza, con la puesta en escena del ballet de la Direcci\u00f3n de Personas con Discapacidad, y el grupo art\u00edstico inclusivo \u201cTeytekia\u201d, quienes presentan una coreograf\u00eda de expresi\u00f3n corporal. A modo de cierre, el m\u00fasico urbano \u201cJeremai\u201d como as\u00ed tambi\u00e9n con mucho glitter, m\u00fasica y baile se presenta \u201cLa Fiesta Fuegah\u201d, quienes no dudan en dar un espect\u00e1culo incre\u00edble en el pulm\u00f3n verde m\u00e1s importante de la ciudad de San Juan.<\/p>\n<p>Forman parte del evento el Ministerio de Turismo y Cultura a trav\u00e9s de shows y actividades, y la Secretar\u00eda de Estado de Deportes con juegos deportivos, adem\u00e1s estar\u00e1 la Direcci\u00f3n de Emprendedores Sociales con el sector de feria y la Direcci\u00f3n de Juventudes.<\/p>\n<\/div>\n<div class=\"clr\">Publicado el Mi\u00e9rcoles, 30 de Noviembre de 2022<\/div>\n","protected":false},"excerpt":{"rendered":"<p>Cada 3 de diciembre se recuerda el \u201cD\u00eda Internacional de las Personas con Discapacidad\u201d, proclamado en 1992 por la Asamblea<\/p>\n","protected":false},"author":3,"featured_media":48977,"comment_status":"closed","ping_status":"closed","sticky":false,"template":"","format":"standard","meta":{"_acf_changed":false,"_seopress_robots_primary_cat":"none","_seopress_titles_title":"","_seopress_titles_desc":"","_seopress_robots_index":"","colormag_page_container_layout":"default_layout","colormag_page_sidebar_layout":"default_layout","footnotes":""},"categories":[1],"tags":[],"class_list":["post-54923","post","type-post","status-publish","format-standard","has-post-thumbnail","hentry","category-destacadas"],"acf":[],"_links":{"self":[{"href":"https:\/\/vocesparalelas.com.ar\/sitio\/wp-json\/wp\/v2\/posts\/54923","targetHints":{"allow":["GET"]}}],"collection":[{"href":"https:\/\/vocesparalelas.com.ar\/sitio\/wp-json\/wp\/v2\/posts"}],"about":[{"href":"https:\/\/vocesparalelas.com.ar\/sitio\/wp-json\/wp\/v2\/types\/post"}],"author":[{"embeddable":true,"href":"https:\/\/vocesparalelas.com.ar\/sitio\/wp-json\/wp\/v2\/users\/3"}],"replies":[{"embeddable":true,"href":"https:\/\/vocesparalelas.com.ar\/sitio\/wp-json\/wp\/v2\/comments?post=54923"}],"version-history":[{"count":1,"href":"https:\/\/vocesparalelas.com.ar\/sitio\/wp-json\/wp\/v2\/posts\/54923\/revisions"}],"predecessor-version":[{"id":54925,"href":"https:\/\/vocesparalelas.com.ar\/sitio\/wp-json\/wp\/v2\/posts\/54923\/revisions\/54925"}],"wp:featuredmedia":[{"embeddable":true,"href":"https:\/\/vocesparalelas.com.ar\/sitio\/wp-json\/wp\/v2\/media\/48977"}],"wp:attachment":[{"href":"https:\/\/vocesparalelas.com.ar\/sitio\/wp-json\/wp\/v2\/media?parent=54923"}],"wp:term":[{"taxonomy":"category","embeddable":true,"href":"https:\/\/vocesparalelas.com.ar\/sitio\/wp-json\/wp\/v2\/categories?post=54923"},{"taxonomy":"post_tag","embeddable":true,"href":"https:\/\/vocesparalelas.com.ar\/sitio\/wp-json\/wp\/v2\/tags?post=54923"}],"curies":[{"name":"wp","href":"https:\/\/api.w.org\/{rel}","templated":true}]}}