{"id":54914,"date":"2022-11-29T22:49:21","date_gmt":"2022-11-30T01:49:21","guid":{"rendered":"https:\/\/vocesparalelas.com.ar\/sitio\/?p=54914"},"modified":"2022-11-30T00:49:41","modified_gmt":"2022-11-30T03:49:41","slug":"apertura-de-la-licitacion-publica-proyecto-abastecimiento-en-33-kv-zona-sur-de-barreal-departamento-calingasta-san-juan","status":"publish","type":"post","link":"https:\/\/vocesparalelas.com.ar\/sitio\/apertura-de-la-licitacion-publica-proyecto-abastecimiento-en-33-kv-zona-sur-de-barreal-departamento-calingasta-san-juan\/","title":{"rendered":"Apertura de la Licitaci\u00f3n P\u00fablica \u00abProyecto Abastecimiento en 33 kV Zona Sur de Barreal, Departamento Calingasta, San Juan"},"content":{"rendered":"<p>En dependencias de Casa de Gobierno de San Juan se desarroll\u00f3 la apertura del sobre N\u00b0 2 de la Licitaci\u00f3n P\u00fablica Nacional N\u00b0 01\/2022, Proyecto Abastecimiento en 33 kV Zona Sur de la Localidad de Barreal, Departamento Calingasta, Provincia San Juan.<\/p>\n<p>El acto estuvo presidido por el gobernador, Dr. Sergio U\u00f1ac, el vicegobernador, CPN Roberto Gattoni; el intendente de Calingasta, Jorge Casta\u00f1eda; los secretarios de Estado de Ciencia, Tecnolog\u00eda e Innovaci\u00f3n, Ing. Marita Benavente y de Ambiente y Desarrollo Sustentable, Francisco Guevara; el presidente del EPRE, Ing. Oscar Trad y la escribana mayor de Gobierno, Dra. Maira Mancini, entre otras autoridades.<\/p>\n<p>La licitaci\u00f3n tiene por objeto la contrataci\u00f3n de la construcci\u00f3n y provisiones para las siguientes obras:<\/p>\n<ul>\n<li>L\u00ednea de media tensi\u00f3n 33 KV Barreal \u2013 El Leoncito<\/li>\n<li>Subestaci\u00f3n transformadora El Leoncito 33\/13,2 KV<\/li>\n<li>Ampliaci\u00f3n 33 KV Subestaci\u00f3n transformadora Barreal<\/li>\n<\/ul>\n<p>En este marco, el Ente Provincial Regulador de Electricidad &#8211; EPRE &#8211; llam\u00f3 a licitaci\u00f3n para una obra estrat\u00e9gica para la zona de Calingasta, que mejora el abastecimiento energ\u00e9tico.<\/p>\n<p>La nueva l\u00ednea permitir\u00e1 mejorar el servicio de energ\u00eda el\u00e9ctrica en Barreal, dado que actualmente hay una sola l\u00ednea que alimenta toda la zona.<\/p>\n<p>Debido al crecimiento de la localidad, la demanda de energ\u00eda el\u00e9ctrica es mayor. Se trabaj\u00f3 en el proyecto conjuntamente con el Colegio de Arquitectos de San Juan.<\/p>\n<p>En el comienzo del acto, el gobernador Dr. Sergio U\u00f1ac valor\u00f3 la participaci\u00f3n del Colegio de Arquitectos en el dise\u00f1o de distintas obras del Estado.<\/p>\n<p>Luego, asegur\u00f3 que \u201cSan Juan ha venido trabajando consistentemente en el desarrollo energ\u00e9tico de la provincia. Por eso podemos licitar la construcci\u00f3n de parques solares en zonas alejadas de la ciudad, porque se planific\u00f3 un desarrollo de tendidos el\u00e9ctricos y estaciones transformadoras que permiten que esto sea realidad\u201d, agreg\u00f3.<\/p>\n<p>Para cerrar, el primer mandatario dijo que \u201cla licitaci\u00f3n de esta obra p\u00fablica tiene que ver con seguir acompa\u00f1ando el desarrollo econ\u00f3mico que tiene la provincia y en este caso, el departamento Calingasta\u201d.<\/p>\n<p>Luego, el Presidente del EPRE, Ing. Oscar Trad brind\u00f3 detalles t\u00e9cnicos de la l\u00ednea y explic\u00f3 que \u00abse utiliza para la transmisi\u00f3n de lugares alejados. Barreal hasta el ingreso del observatorio. La l\u00ednea fue pensada para abastecer el crecimiento que estaban teniendo las instalaciones de los observatorios, pero es parte del proceso de racionalizaci\u00f3n que estamos llevando a cabo en los departamentos\u201d.<\/p>\n<p>\u201cSe trata de una l\u00ednea de 23 kil\u00f3metros de longitud, se encuentra a 2 kil\u00f3metros al norte del observatorio. Se construir\u00e1 una estaci\u00f3n transformadora de rebaja con un tendido subterr\u00e1neo hasta la l\u00ednea actual que ingresa a los observatorios. Decidimos encarar un concurso para recibir proyectos sobre la estaci\u00f3n transformadora que contemple c\u00f3mo mimetizarla con el paisaje. Se hizo un concurso donde participaron varios profesionales. Finalmente quedaron dos premios y el ganador se utilizar\u00e1. La estructura se mimetiza con el terreno\u201d, detall\u00f3.<\/p>\n<div class=\"itemFullText\">\n<p>Para concluir con su discurso, el Ing. Trad expres\u00f3 que adem\u00e1s \u201cmejoramos los abastecimientos de los complejos gastron\u00f3micos. Tenemos una mejora paisaj\u00edstica porque la l\u00ednea actual est\u00e1 en el lado oeste, donde se mira con la cordillera y ahora lo pasamos al este, por lo que se ver\u00e1 mejor\u201d, asever\u00f3, para continuar brindando detalles de la optimizaci\u00f3n de la obra.<\/p>\n<p>Adem\u00e1s de los funcionarios mencionados, se encontraban en el acto el diputado departamental Mario Romero; el vocal del Directorio de EPRE, Ing. Roberto Ferrero; el director de Recursos Energ\u00e9ticos, Ing. Alberto Pe\u00f1a; el jefe de la Unidad Planificaci\u00f3n y Proyectos de la Provincia, Ing. Jorge Pelicer; el director del Observatorio Astron\u00f3mico F\u00e9lix Aguilar, Dr. Carlos Francile; el subsecretario del Sindicato Luz y Fuerza, Lilia Mart\u00edn; el presidente del Colegio de Arquitectos, Arq. Mario Flumiani y dem\u00e1s asistentes.<\/p>\n<p><span style=\"color: #0000ff;\"><strong>Las empresas oferentes<\/strong><\/span><\/p>\n<p>Las empresas que se presentaron al llamado licitatorio fueron 6, de las que quedaron las siguientes:<\/p>\n<ul>\n<li><span style=\"color: #0000ff;\"><strong>Firma Disei SRL<\/strong>,<\/span> con $ 960. 605.348, 22 m\u00e1s IVA.<\/li>\n<li><span style=\"color: #0000ff;\"><strong>Opelmec SRL<\/strong>,<\/span> ofreci\u00f3 un monto de $ 980.934.278,09, IVA incluido.<\/li>\n<li><span style=\"color: #0000ff;\"><strong>Sowic SA<\/strong>.,<\/span> present\u00f3 un presupuesto de $566.736.666, 42 m\u00e1s IVA.<\/li>\n<li><span style=\"color: #0000ff;\"><strong>Grupo conectar SRL SIGMA SA &#8211; UTE<\/strong>:<\/span> $552.785.723, 05 m\u00e1s el IVA.<\/li>\n<li><span style=\"color: #0000ff;\"><strong>SINEC SA<\/strong>.,<\/span> se apunt\u00f3 con $ 753.739.644,10 m\u00e1s IVA.<\/li>\n<\/ul>\n<\/div>\n<div class=\"clr\"><\/div>\n<div class=\"itemContentFooter\"><span class=\"itemDateModified\">Publicado el Martes, 29 de Noviembre de 2022<\/span><\/div>\n","protected":false},"excerpt":{"rendered":"<p>En dependencias de Casa de Gobierno de San Juan se desarroll\u00f3 la apertura del sobre N\u00b0 2 de la Licitaci\u00f3n<\/p>\n","protected":false},"author":3,"featured_media":54916,"comment_status":"closed","ping_status":"closed","sticky":false,"template":"","format":"standard","meta":{"_acf_changed":false,"_seopress_robots_primary_cat":"none","_seopress_titles_title":"","_seopress_titles_desc":"","_seopress_robots_index":"","colormag_page_container_layout":"default_layout","colormag_page_sidebar_layout":"default_layout","footnotes":""},"categories":[1],"tags":[],"class_list":["post-54914","post","type-post","status-publish","format-standard","has-post-thumbnail","hentry","category-destacadas"],"acf":[],"_links":{"self":[{"href":"https:\/\/vocesparalelas.com.ar\/sitio\/wp-json\/wp\/v2\/posts\/54914","targetHints":{"allow":["GET"]}}],"collection":[{"href":"https:\/\/vocesparalelas.com.ar\/sitio\/wp-json\/wp\/v2\/posts"}],"about":[{"href":"https:\/\/vocesparalelas.com.ar\/sitio\/wp-json\/wp\/v2\/types\/post"}],"author":[{"embeddable":true,"href":"https:\/\/vocesparalelas.com.ar\/sitio\/wp-json\/wp\/v2\/users\/3"}],"replies":[{"embeddable":true,"href":"https:\/\/vocesparalelas.com.ar\/sitio\/wp-json\/wp\/v2\/comments?post=54914"}],"version-history":[{"count":1,"href":"https:\/\/vocesparalelas.com.ar\/sitio\/wp-json\/wp\/v2\/posts\/54914\/revisions"}],"predecessor-version":[{"id":54917,"href":"https:\/\/vocesparalelas.com.ar\/sitio\/wp-json\/wp\/v2\/posts\/54914\/revisions\/54917"}],"wp:featuredmedia":[{"embeddable":true,"href":"https:\/\/vocesparalelas.com.ar\/sitio\/wp-json\/wp\/v2\/media\/54916"}],"wp:attachment":[{"href":"https:\/\/vocesparalelas.com.ar\/sitio\/wp-json\/wp\/v2\/media?parent=54914"}],"wp:term":[{"taxonomy":"category","embeddable":true,"href":"https:\/\/vocesparalelas.com.ar\/sitio\/wp-json\/wp\/v2\/categories?post=54914"},{"taxonomy":"post_tag","embeddable":true,"href":"https:\/\/vocesparalelas.com.ar\/sitio\/wp-json\/wp\/v2\/tags?post=54914"}],"curies":[{"name":"wp","href":"https:\/\/api.w.org\/{rel}","templated":true}]}}