{"id":54910,"date":"2022-11-29T21:40:48","date_gmt":"2022-11-30T00:40:48","guid":{"rendered":"https:\/\/vocesparalelas.com.ar\/sitio\/?p=54910"},"modified":"2022-11-29T21:40:48","modified_gmt":"2022-11-30T00:40:48","slug":"jornada-tecnicas-de-manejo-seguro-y-defensivo-para-choferes-de-san-juan","status":"publish","type":"post","link":"https:\/\/vocesparalelas.com.ar\/sitio\/jornada-tecnicas-de-manejo-seguro-y-defensivo-para-choferes-de-san-juan\/","title":{"rendered":"Jornada \u201cT\u00e9cnicas de Manejo Seguro y Defensivo\u201d para choferes de San Juan"},"content":{"rendered":"<p>El Ministerio de Gobierno de San Juan, por intermedio del equipo de Seguridad Vial de la Secretar\u00eda de Tr\u00e1nsito y Transporte, llev\u00f3 a cabo una nueva capacitaci\u00f3n para agentes del Poder Ejecutivo en funci\u00f3n de choferes de diferentes reparticiones estatales, en el marco del programa \u201cT\u00e9cnicas de Manejo Seguro y Defensivo \u2013 Capacitaci\u00f3n Conducci\u00f3n a la Defensiva\u201d, que imparte conocimientos en manejo seguro y legislaci\u00f3n vial.<\/p>\n<p>El programa tiene como objetivo preparar a quienes se desempe\u00f1an como conductores de veh\u00edculos oficiales, formando en la ocasi\u00f3n a choferes de reparticiones del Hospital Rawson, Recursos Energ\u00e9ticos y el Servicio Penitenciario, contando 16 personas durante la capacitaci\u00f3n realizada por la instructora Silvia Rodr\u00edguez y la responsable del programa Liliana Bergara, adem\u00e1s de la presencia del director de Tr\u00e1nsito y Planeamiento en Movilidad Arq. Carlos Romero.<\/p>\n<p>Es de destacar que los conductores de movilidades oficiales habilitados a trav\u00e9s de estas etapas de educaci\u00f3n pasan por instancias de ex\u00e1menes escritos y evaluaciones pr\u00e1cticas en tr\u00e1nsito real.<\/p>\n<p>El programa \u201cT\u00e9cnicas de Manejo Seguro y Defensivo\u201d, creado por Decreto Acuerdo 003\/2010 y su modificatoria 003\/2016, tiene como objetivo la otorgaci\u00f3n y renovaci\u00f3n de licencias de conducci\u00f3n oficial a trav\u00e9s de esta actividad, que realiza el Ministerio de Gobierno y su Secretar\u00eda de Tr\u00e1nsito y Transporte conjuntamente con el Ministerio de Hacienda y Finanzas a trav\u00e9s de la Secretar\u00eda de la Gesti\u00f3n P\u00fablica.<\/p>\n<p>Publicado el Martes, 29 de Noviembre de 2022<\/p>\n","protected":false},"excerpt":{"rendered":"<p>El Ministerio de Gobierno de San Juan, por intermedio del equipo de Seguridad Vial de la Secretar\u00eda de Tr\u00e1nsito y<\/p>\n","protected":false},"author":3,"featured_media":54912,"comment_status":"closed","ping_status":"closed","sticky":false,"template":"","format":"standard","meta":{"_acf_changed":false,"_seopress_robots_primary_cat":"none","_seopress_titles_title":"","_seopress_titles_desc":"","_seopress_robots_index":"","colormag_page_container_layout":"default_layout","colormag_page_sidebar_layout":"default_layout","footnotes":""},"categories":[1],"tags":[],"class_list":["post-54910","post","type-post","status-publish","format-standard","has-post-thumbnail","hentry","category-destacadas"],"acf":[],"_links":{"self":[{"href":"https:\/\/vocesparalelas.com.ar\/sitio\/wp-json\/wp\/v2\/posts\/54910","targetHints":{"allow":["GET"]}}],"collection":[{"href":"https:\/\/vocesparalelas.com.ar\/sitio\/wp-json\/wp\/v2\/posts"}],"about":[{"href":"https:\/\/vocesparalelas.com.ar\/sitio\/wp-json\/wp\/v2\/types\/post"}],"author":[{"embeddable":true,"href":"https:\/\/vocesparalelas.com.ar\/sitio\/wp-json\/wp\/v2\/users\/3"}],"replies":[{"embeddable":true,"href":"https:\/\/vocesparalelas.com.ar\/sitio\/wp-json\/wp\/v2\/comments?post=54910"}],"version-history":[{"count":1,"href":"https:\/\/vocesparalelas.com.ar\/sitio\/wp-json\/wp\/v2\/posts\/54910\/revisions"}],"predecessor-version":[{"id":54913,"href":"https:\/\/vocesparalelas.com.ar\/sitio\/wp-json\/wp\/v2\/posts\/54910\/revisions\/54913"}],"wp:featuredmedia":[{"embeddable":true,"href":"https:\/\/vocesparalelas.com.ar\/sitio\/wp-json\/wp\/v2\/media\/54912"}],"wp:attachment":[{"href":"https:\/\/vocesparalelas.com.ar\/sitio\/wp-json\/wp\/v2\/media?parent=54910"}],"wp:term":[{"taxonomy":"category","embeddable":true,"href":"https:\/\/vocesparalelas.com.ar\/sitio\/wp-json\/wp\/v2\/categories?post=54910"},{"taxonomy":"post_tag","embeddable":true,"href":"https:\/\/vocesparalelas.com.ar\/sitio\/wp-json\/wp\/v2\/tags?post=54910"}],"curies":[{"name":"wp","href":"https:\/\/api.w.org\/{rel}","templated":true}]}}