{"id":54905,"date":"2022-11-29T21:13:40","date_gmt":"2022-11-30T00:13:40","guid":{"rendered":"https:\/\/vocesparalelas.com.ar\/sitio\/?p=54905"},"modified":"2022-12-02T01:21:27","modified_gmt":"2022-12-02T04:21:27","slug":"curso-rescates-en-zonas-agrestes-en-san-juan","status":"publish","type":"post","link":"https:\/\/vocesparalelas.com.ar\/sitio\/curso-rescates-en-zonas-agrestes-en-san-juan\/","title":{"rendered":"Curso \u201crescates en zonas agrestes\u201d en San Juan"},"content":{"rendered":"<div class=\"itemFullText\">\n<p>Equipos t\u00e9cnicos y agentes de conservaci\u00f3n de la Secretaria de Estado de Ambiente y Desarrollo Sustentable, en conjunto con la Direcci\u00f3n de Protecci\u00f3n Civil de la Municipalidad de Rawson y la ONG K-9 de la Provincia de San Luis, brindan una capacitaci\u00f3n sobre \u201crescate en zonas agrestes\u201d.<\/p>\n<p>La misma tiene como finalidad enfocarse en el rescate y b\u00fasqueda de personas en situaciones colapsadas.<\/p>\n<p>\u201cMuchas actividades deportivas, recreativas y profesionales se realizan en lugares con acceso limitado a Sistemas de Emergencias M\u00e9dicas siendo medios agrestes\u201d, indic\u00f3 al respecto Mayra Romero, quien tiene a cargo el \u00e1rea protegida de Loma de las Tapias.<\/p>\n<p>\u201cLa geograf\u00eda y la distancia hacen que la asistencia profesional no llegue a tiempo. Es necesario el conocimiento en t\u00e9cnicas de rescate b\u00e1sico en zonas naturales y distantes de los servicios de emergencias\u201d, indic\u00f3 la agente de conservaci\u00f3n sobre la justificaci\u00f3n de dicha capacitaci\u00f3n.<\/p>\n<p>\u201cPrincipalmente en condiciones geogr\u00e1ficas con pendientes o terrenos irregulares cubiertos de vegetaci\u00f3n que en muchos casos pueden dificultar el tr\u00e1nsito y m\u00e1s si cargamos a un herido en camilla, por ejemplo\u201d, finaliz\u00f3.<\/p>\n<p>La misma est\u00e1 destinada a agentes de conservaci\u00f3n, personal policial, bomberos y ONG de rescate. Todos estos conocimientos permiten a los agentes actuar de forma correcta ante eventualidades que pudieran ocurrir en alg\u00fan \u00e1rea protegida o sitio de afluencia de turistas.<\/p>\n<p>Los interesados puedes informarse e inscribirse escribiendo al WhatsApp 2645-803951.<\/p>\n<p>Publicado el Martes, 29 de Noviembre de 2022<\/p>\n<\/div>\n","protected":false},"excerpt":{"rendered":"<p>Equipos t\u00e9cnicos y agentes de conservaci\u00f3n de la Secretaria de Estado de Ambiente y Desarrollo Sustentable, en conjunto con la<\/p>\n","protected":false},"author":3,"featured_media":51422,"comment_status":"closed","ping_status":"closed","sticky":false,"template":"","format":"standard","meta":{"_acf_changed":false,"_seopress_robots_primary_cat":"none","_seopress_titles_title":"","_seopress_titles_desc":"","_seopress_robots_index":"","colormag_page_container_layout":"default_layout","colormag_page_sidebar_layout":"default_layout","footnotes":""},"categories":[9],"tags":[],"class_list":["post-54905","post","type-post","status-publish","format-standard","has-post-thumbnail","hentry","category-cursos"],"acf":[],"_links":{"self":[{"href":"https:\/\/vocesparalelas.com.ar\/sitio\/wp-json\/wp\/v2\/posts\/54905","targetHints":{"allow":["GET"]}}],"collection":[{"href":"https:\/\/vocesparalelas.com.ar\/sitio\/wp-json\/wp\/v2\/posts"}],"about":[{"href":"https:\/\/vocesparalelas.com.ar\/sitio\/wp-json\/wp\/v2\/types\/post"}],"author":[{"embeddable":true,"href":"https:\/\/vocesparalelas.com.ar\/sitio\/wp-json\/wp\/v2\/users\/3"}],"replies":[{"embeddable":true,"href":"https:\/\/vocesparalelas.com.ar\/sitio\/wp-json\/wp\/v2\/comments?post=54905"}],"version-history":[{"count":3,"href":"https:\/\/vocesparalelas.com.ar\/sitio\/wp-json\/wp\/v2\/posts\/54905\/revisions"}],"predecessor-version":[{"id":54909,"href":"https:\/\/vocesparalelas.com.ar\/sitio\/wp-json\/wp\/v2\/posts\/54905\/revisions\/54909"}],"wp:featuredmedia":[{"embeddable":true,"href":"https:\/\/vocesparalelas.com.ar\/sitio\/wp-json\/wp\/v2\/media\/51422"}],"wp:attachment":[{"href":"https:\/\/vocesparalelas.com.ar\/sitio\/wp-json\/wp\/v2\/media?parent=54905"}],"wp:term":[{"taxonomy":"category","embeddable":true,"href":"https:\/\/vocesparalelas.com.ar\/sitio\/wp-json\/wp\/v2\/categories?post=54905"},{"taxonomy":"post_tag","embeddable":true,"href":"https:\/\/vocesparalelas.com.ar\/sitio\/wp-json\/wp\/v2\/tags?post=54905"}],"curies":[{"name":"wp","href":"https:\/\/api.w.org\/{rel}","templated":true}]}}