{"id":54895,"date":"2022-11-29T00:05:40","date_gmt":"2022-11-29T03:05:40","guid":{"rendered":"https:\/\/vocesparalelas.com.ar\/sitio\/?p=54895"},"modified":"2022-12-01T00:42:09","modified_gmt":"2022-12-01T03:42:09","slug":"7-edicion-de-la-feria-san-juan-disena","status":"publish","type":"post","link":"https:\/\/vocesparalelas.com.ar\/sitio\/7-edicion-de-la-feria-san-juan-disena\/","title":{"rendered":"7\u00b0 edici\u00f3n de la Feria \u201cSan Juan Dise\u00f1a\u201d\u00a0"},"content":{"rendered":"<p>El 2; 3 y 4 de Diciembre, de 19 a 00hs en el renovado espacio del \u201cChalet Cantoni. Casa de las Industrias Creativas\u201d, Avenida Libertador 3317 &#8211; O &#8211; , Rivadavia, se desarrolla la 7\u00b0 edici\u00f3n de la feria \u201cSan Juan Dise\u00f1a\u201d organizada por el Ministerio de Turismo y Cultura del Gobierno de San Juan, con entrada libre y gratuita.<\/p>\n<p>En estas fechas, participan m\u00e1s de 30 proyectos que ocupan los espacios verdes que rodean la casona. El proceso de selecci\u00f3n se llev\u00f3 adelante a trav\u00e9s de una convocatoria online en la que se presentaron m\u00e1s 350 emprendimientos. Con el objetivo de preparar la feria y obtener mejores resultados, los seleccionados tuvieron dos jornadas de capacitaci\u00f3n sobre comercializaci\u00f3n, curadur\u00eda, l\u00edneas de productos y redes sociales.<\/p>\n<p>En el Chalet se puede encontrar, en su gran mayor\u00eda, emprendimientos de decoraci\u00f3n, mobiliario, textil y todos aquellos productos relacionados con la ornamentaci\u00f3n navide\u00f1a. Para quienes visiten la feria, se recibir\u00e1n todos los m\u00e9todos de pago.<\/p>\n<p>El objetivo es impulsar la creatividad de San Juan que est\u00e1n presente con stands que incluyen dise\u00f1o de indumentaria, mobiliario, objetos de decoraci\u00f3n, cer\u00e1mica, joyer\u00eda, marroquiner\u00eda, juguetes, cuadernos y todo tipo de modernos objetos de dise\u00f1o.<\/p>\n<div class=\"itemFullText\">\n<p>Luego, se repite en la segunda fecha el 15; 16 y 17 de Diciembre, en el Centro Cultural Conte Grand.<\/p>\n<\/div>\n<div class=\"clr\"><\/div>\n<div class=\"itemContentFooter\"><span class=\"itemDateModified\">Publicado el Lunes, 28 de Noviembre de 2022<\/span><\/div>\n<p>&nbsp;<\/p>\n","protected":false},"excerpt":{"rendered":"<p>El 2; 3 y 4 de Diciembre, de 19 a 00hs en el renovado espacio del \u201cChalet Cantoni. Casa de<\/p>\n","protected":false},"author":3,"featured_media":46297,"comment_status":"closed","ping_status":"closed","sticky":false,"template":"","format":"standard","meta":{"_acf_changed":false,"_seopress_robots_primary_cat":"none","_seopress_titles_title":"","_seopress_titles_desc":"","_seopress_robots_index":"","colormag_page_container_layout":"default_layout","colormag_page_sidebar_layout":"default_layout","footnotes":""},"categories":[20],"tags":[],"class_list":["post-54895","post","type-post","status-publish","format-standard","has-post-thumbnail","hentry","category-cartelera"],"acf":[],"_links":{"self":[{"href":"https:\/\/vocesparalelas.com.ar\/sitio\/wp-json\/wp\/v2\/posts\/54895","targetHints":{"allow":["GET"]}}],"collection":[{"href":"https:\/\/vocesparalelas.com.ar\/sitio\/wp-json\/wp\/v2\/posts"}],"about":[{"href":"https:\/\/vocesparalelas.com.ar\/sitio\/wp-json\/wp\/v2\/types\/post"}],"author":[{"embeddable":true,"href":"https:\/\/vocesparalelas.com.ar\/sitio\/wp-json\/wp\/v2\/users\/3"}],"replies":[{"embeddable":true,"href":"https:\/\/vocesparalelas.com.ar\/sitio\/wp-json\/wp\/v2\/comments?post=54895"}],"version-history":[{"count":1,"href":"https:\/\/vocesparalelas.com.ar\/sitio\/wp-json\/wp\/v2\/posts\/54895\/revisions"}],"predecessor-version":[{"id":54897,"href":"https:\/\/vocesparalelas.com.ar\/sitio\/wp-json\/wp\/v2\/posts\/54895\/revisions\/54897"}],"wp:featuredmedia":[{"embeddable":true,"href":"https:\/\/vocesparalelas.com.ar\/sitio\/wp-json\/wp\/v2\/media\/46297"}],"wp:attachment":[{"href":"https:\/\/vocesparalelas.com.ar\/sitio\/wp-json\/wp\/v2\/media?parent=54895"}],"wp:term":[{"taxonomy":"category","embeddable":true,"href":"https:\/\/vocesparalelas.com.ar\/sitio\/wp-json\/wp\/v2\/categories?post=54895"},{"taxonomy":"post_tag","embeddable":true,"href":"https:\/\/vocesparalelas.com.ar\/sitio\/wp-json\/wp\/v2\/tags?post=54895"}],"curies":[{"name":"wp","href":"https:\/\/api.w.org\/{rel}","templated":true}]}}