{"id":54891,"date":"2022-11-28T21:59:41","date_gmt":"2022-11-29T00:59:41","guid":{"rendered":"https:\/\/vocesparalelas.com.ar\/sitio\/?p=54891"},"modified":"2022-11-28T23:58:38","modified_gmt":"2022-11-29T02:58:38","slug":"encuentro-del-consejo-federal-de-salud-cofesa-en-buenos-aires","status":"publish","type":"post","link":"https:\/\/vocesparalelas.com.ar\/sitio\/encuentro-del-consejo-federal-de-salud-cofesa-en-buenos-aires\/","title":{"rendered":"Encuentro del Consejo Federal de Salud &#8211; Cofesa &#8211; en Buenos Aires"},"content":{"rendered":"<div class=\"itemFullText\">\n<p>En dependencias de la Casa Rosada de la Presidencia de la Naci\u00f3n Argentina, se realiz\u00f3 un nuevo encuentro del Consejo Federal de Salud &#8211; Cofesa -, con la participaci\u00f3n de la ministro de Salud de la Naci\u00f3n, Dra. Carla Vizzotti y las autoridades sanitarias de las 24 jurisdicciones, con el objetivo de avanzar en los temas de pol\u00edticas de salud.<\/p>\n<p>En representaci\u00f3n de San Juan estuvo presente la ministro de Salud P\u00fablica, Dra. Alejandra Venerando, acompa\u00f1ada por el secretario t\u00e9cnico, Dr. Juan Pablo Pacheco y la secretaria de Planificaci\u00f3n, Dra. Alina Almaz\u00e1n.<\/p>\n<p>Durante este nuevo encuentro del Consejo Federal de Salud se firm\u00f3 una resoluci\u00f3n conjunta entre la ministra de Salud de la Naci\u00f3n, Dra. Carla Vizzotti y el ministro de Educaci\u00f3n, Lic. Jaime Perczyk, para la creaci\u00f3n de una comisi\u00f3n interministerial para la formaci\u00f3n de los equipos de salud, con el objetivo de articular acciones para la promoci\u00f3n y fortalecimiento de la formaci\u00f3n de calidad de los profesionales del equipo de salud en todos sus niveles.<\/p>\n<p>Por su parte, la Dra. Venerando destac\u00f3 la creaci\u00f3n de esta comisi\u00f3n, que permitir\u00e1 seguir avanzando en la formaci\u00f3n del recurso humano tan necesario para brindar atenci\u00f3n de calidad, adem\u00e1s se explayo en algunas propuestas para la modificaci\u00f3n de la ley de residencias, en base a las necesidades de cada una de las jurisdicciones, teniendo en cuenta la escases de algunas especialidades m\u00e9dicas que son tan necesarias para el sistema de salud.<\/p>\n<p>Cuando se abord\u00f3 el tema de salud mental, la Dra. Venerando expuso sobre el trabajo desarrollado en la Red de Abordaje Intersectorial de Emergentes en Salud Mental Provincial, explic\u00f3 los avances de cada una de las mesas que se han ido convocando con el prop\u00f3sito de garantizar el abordaje integral, la capacitaci\u00f3n, prevenci\u00f3n y contenci\u00f3n de la problem\u00e1tica que no solo afecta a nivel local sino que tambi\u00e9n impacta a nivel nacional y mundial.<\/p>\n<p><strong><span style=\"color: #ff0000;\">Funci\u00f3n de la Comisi\u00f3n Interministerial para fortalecer la formaci\u00f3n de los equipos de salud<\/span><\/strong><\/p>\n<p>Inscripta en el Plan Nacional de Calidad de Salud 2021-24, la comisi\u00f3n tendr\u00e1 entre sus funciones la planificaci\u00f3n en la formaci\u00f3n de talento humano en salud y la generaci\u00f3n de espacios de intercambio que promuevan la unificaci\u00f3n de criterios para la formaci\u00f3n, as\u00ed como la organizaci\u00f3n de las ofertas educativas y carreras de formaci\u00f3n t\u00e9cnico-profesional para las solicitudes de validez nacional cuya titulaci\u00f3n se encuentre regulada por el Estado. Tendr\u00e1 a cargo tambi\u00e9n la promoci\u00f3n de la calidad y la seguridad de la atenci\u00f3n en la curr\u00edcula y el desarrollo de estrategias que aseguren el intercambio de informaci\u00f3n entre los sistemas de validaci\u00f3n de t\u00edtulos y certificados para favorecer el ejercicio profesional.<\/p>\n<p>La iniciativa tambi\u00e9n prev\u00e9 la consolidaci\u00f3n de un Registro de Referencia de Instituciones Formadoras Universitarias y no universitarias de Profesionales de la Salud y su disponibilidad a trav\u00e9s de la Red Federal de Registros de Profesionales de la Salud.<\/p>\n<p>Asimismo, la norma resuelve la creaci\u00f3n de un comit\u00e9 t\u00e9cnico para el desarrollo operativo e instrumentaci\u00f3n de las pol\u00edticas p\u00fablicas que determine la comisi\u00f3n interministerial. \u201cEn ese comit\u00e9 participan fundamentalmente el Foro<\/p>\n<p>Argentino de Facultades y Escuelas de Medicina P\u00fablicas &#8211; FAFEMP &#8211; y la Asociaci\u00f3n de Escuelas Universitarias de Enfermer\u00eda de la Rep\u00fablica Argentina &#8211; AUERA -, dos entidades que nuclean la formaci\u00f3n publica de m\u00e9dicos y enfermeras para trabajar fundamentalmente en mejorar la calidad del Examen \u00danico y promover la incorporaci\u00f3n de las universidades como entidades evaluadoras de las residencias\u201d, explic\u00f3 el subsecretario de Calidad, Regulaci\u00f3n y Fiscalizaci\u00f3n de la cartera sanitaria, Claudio Ortiz.<\/p>\n<p>El comit\u00e9 se ocupar\u00e1 de la elaboraci\u00f3n y desarrollo de instrumentos respecto de la formaci\u00f3n de pregrado, grado y posgrado, y de la evaluaci\u00f3n de consultas realizadas por el Ministerio de Educaci\u00f3n sobre solicitudes de validez nacional de t\u00edtulos y estudios para t\u00edtulos que no se encuentren considerados como profesiones ni pudieran ser homologables con marcos de referencia existentes.<\/p>\n<\/div>\n<div class=\"clr\"><\/div>\n<div class=\"itemContentFooter\"><span class=\"itemDateModified\">Publicado el Lunes, 28 de Noviembre de 2022\u00a0<\/span><\/div>\n","protected":false},"excerpt":{"rendered":"<p>En dependencias de la Casa Rosada de la Presidencia de la Naci\u00f3n Argentina, se realiz\u00f3 un nuevo encuentro del Consejo<\/p>\n","protected":false},"author":3,"featured_media":54893,"comment_status":"closed","ping_status":"closed","sticky":false,"template":"","format":"standard","meta":{"_acf_changed":false,"_seopress_robots_primary_cat":"none","_seopress_titles_title":"","_seopress_titles_desc":"","_seopress_robots_index":"","colormag_page_container_layout":"default_layout","colormag_page_sidebar_layout":"default_layout","footnotes":""},"categories":[1],"tags":[],"class_list":["post-54891","post","type-post","status-publish","format-standard","has-post-thumbnail","hentry","category-destacadas"],"acf":[],"_links":{"self":[{"href":"https:\/\/vocesparalelas.com.ar\/sitio\/wp-json\/wp\/v2\/posts\/54891","targetHints":{"allow":["GET"]}}],"collection":[{"href":"https:\/\/vocesparalelas.com.ar\/sitio\/wp-json\/wp\/v2\/posts"}],"about":[{"href":"https:\/\/vocesparalelas.com.ar\/sitio\/wp-json\/wp\/v2\/types\/post"}],"author":[{"embeddable":true,"href":"https:\/\/vocesparalelas.com.ar\/sitio\/wp-json\/wp\/v2\/users\/3"}],"replies":[{"embeddable":true,"href":"https:\/\/vocesparalelas.com.ar\/sitio\/wp-json\/wp\/v2\/comments?post=54891"}],"version-history":[{"count":1,"href":"https:\/\/vocesparalelas.com.ar\/sitio\/wp-json\/wp\/v2\/posts\/54891\/revisions"}],"predecessor-version":[{"id":54894,"href":"https:\/\/vocesparalelas.com.ar\/sitio\/wp-json\/wp\/v2\/posts\/54891\/revisions\/54894"}],"wp:featuredmedia":[{"embeddable":true,"href":"https:\/\/vocesparalelas.com.ar\/sitio\/wp-json\/wp\/v2\/media\/54893"}],"wp:attachment":[{"href":"https:\/\/vocesparalelas.com.ar\/sitio\/wp-json\/wp\/v2\/media?parent=54891"}],"wp:term":[{"taxonomy":"category","embeddable":true,"href":"https:\/\/vocesparalelas.com.ar\/sitio\/wp-json\/wp\/v2\/categories?post=54891"},{"taxonomy":"post_tag","embeddable":true,"href":"https:\/\/vocesparalelas.com.ar\/sitio\/wp-json\/wp\/v2\/tags?post=54891"}],"curies":[{"name":"wp","href":"https:\/\/api.w.org\/{rel}","templated":true}]}}