{"id":54885,"date":"2022-11-28T17:18:10","date_gmt":"2022-11-28T20:18:10","guid":{"rendered":"https:\/\/vocesparalelas.com.ar\/sitio\/?p=54885"},"modified":"2022-11-30T00:50:32","modified_gmt":"2022-11-30T03:50:32","slug":"se-lanzo-el-programa-emprender-en-diversidad-en-san-juan","status":"publish","type":"post","link":"https:\/\/vocesparalelas.com.ar\/sitio\/se-lanzo-el-programa-emprender-en-diversidad-en-san-juan\/","title":{"rendered":"Se lanz\u00f3 el Programa Emprender en Diversidad en San Juan"},"content":{"rendered":"<p>En Casa de Gobierno, se realiz\u00f3 el lanzamiento del programa Emprender en Diversidad, una iniciativa de la Direcci\u00f3n de las Mujeres, G\u00e9neros y Diversidad, dependiente del Ministerio de Desarrollo Humano y Promoci\u00f3n Social del Gobierno de San Juan.<\/p>\n<p>El encuentro estuvo presidido por el gobernador Dr. Sergio U\u00f1ac, acompa\u00f1ado por el ministro de Desarrollo Humano y Promoci\u00f3n Social, Prof. Fabian Aballay; el secretario de Promoci\u00f3n Social, Lucio Gonz\u00e1lez; el subsecretario de Promoci\u00f3n, Protecci\u00f3n y Desarrollo Social, Marcos Andino; el subsecretario de Articulaci\u00f3n y Abordaje Territorial, Cristian Morales; la directora y subdirectora de la Mujer, G\u00e9neros y Diversidad, Dra. Adriana Ginestar y Victoria Ben\u00edtez, respectivamente y representantes del \u00e1rea del ministerio nombrado.<\/p>\n<p>El Gobierno provincial, en su compromiso de eliminar las diferencias sociales y mejorar condiciones de vida de los sectores postergados durante mucho tiempo, implementa pol\u00edticas p\u00fablicas y activas para promover mejores condiciones de igualdad.<\/p>\n<p>El programa se desarrolla en el marco del trabajo conjunto entre entidades estatales y organizaciones afines y tiene como finalidad otorgar incentivos econ\u00f3micos destinados a artistas, productoras, gestoras y emprendedoras LGBTI+.<\/p>\n<p>Desde la Direcci\u00f3n de las Mujeres, G\u00e9neros y Diversidad se propone un trabajo continuo encaminado a lograr una real transformaci\u00f3n social, econ\u00f3mica, cultural y ambiental, reduciendo las brechas de g\u00e9nero y diversidad en la participaci\u00f3n y el acceso, uso y calidad de recursos, servicios y oportunidades en todos los \u00e1mbitos de la vida social.<\/p>\n<p>Por ello, es fundamental la implementaci\u00f3n de pol\u00edticas p\u00fablicas que garanticen la igualdad en el acceso y el ejercicio, restituci\u00f3n y ampliaci\u00f3n de derechos de lesbianas, gays, bisexuales, travestis, transg\u00e9nero, intersex, personas no binarias e identidades no heteronormadas.<\/p>\n<p>En este marco se cre\u00f3 el programa \u201cEmprender en diversidad\u201d, para abordar con respuestas concretas a las demandas de LGBTI+ por una vida m\u00e1s justa, libre, democr\u00e1tica e igualitaria.<\/p>\n<p><iframe loading=\"lazy\" title=\"Con un presupuesto de $10 millones, lanzaron una nueva edici\u00f3n del  Programa Emprender en Diversidad\" width=\"800\" height=\"450\" src=\"https:\/\/www.youtube.com\/embed\/ysrLhPJkv54?feature=oembed\" frameborder=\"0\" allow=\"accelerometer; autoplay; clipboard-write; encrypted-media; gyroscope; picture-in-picture\" allowfullscreen><\/iframe><\/p>\n<p>En el comienzo, U\u00f1ac se refiri\u00f3 a esta iniciativa como un \u201cgenerador de sinergia para multiplicar oportunidades para cada uno de los sanjuaninos, para los que defendemos el construir la patria desde ac\u00e1. Es necesario que haya un Estado presente en cada uno de los colectivos, sin importar las pertenencias individuales para asegurar el respeto a los derechos de todos\u201d.<\/p>\n<p>Continuando con su discurso, el primer mandatario habl\u00f3 sobre la importancia de mostrar al resto del pa\u00eds y al mundo a San Juan a trav\u00e9s de la actividad deportiva y cultural e hizo hincapi\u00e9 en los campeonatos mundiales realizados recientemente en la provincia.<\/p>\n<p>En el final, el gobernador anunci\u00f3 que la edici\u00f3n 2023 del programa destinar\u00e1 $ 30 millones para ampliar la cantidad de participantes.<\/p>\n<p>Seguidamente, el\u00a0ministro\u00a0Aballay\u00a0agreg\u00f3 que \u201cla puesta en marcha del programa implica un esfuerzo econ\u00f3mico importante por parte del Estado provincial y ofrece herramientas para que sus destinatarios trabajen en distintas actividades\u201d.<\/p>\n<p>Luego, Aballay se refiri\u00f3 a los\u00a0programas Joven Pod\u00e9s; el\u00a0M\u00e1s 55\u00a0y\u00a0Sin L\u00edmites, entre otros, con entrega de fondos provinciales para su desenvolvimiento.<\/p>\n<p>A su turno,\u00a0Ginestardijo que \u201ceste programa fue muy pensado, junto al equipo de Diversidad y financiar\u00e1 proyectos en tres l\u00edneas dirigidas a la comercializaci\u00f3n de productos y servicios culturales, el fortalecimiento de proyectos existentes en al actualidad y la tercera es la de innovaci\u00f3n: apostaremos a proyectos que est\u00e1n funcionando y que prepongan ideas creativas y novedosas para la econom\u00eda sanjuanina\u201d, expres\u00f3 y brind\u00f3 detalles del plan.<\/p>\n<div class=\"itemFullText\">\n<p>Para cerrar, la funcionaria destac\u00f3 que acompa\u00f1ar\u00e1n en la \u00faltima etapa del proyecto, \u201cpara que realmente se hagan efectivos y se conviertan en una fuente de trabajo real\u201d.<\/p>\n<p><span style=\"color: #33cccc;\"><strong>M\u00e1s sobre el programa inclusivo<\/strong><\/span><\/p>\n<p>Son objetivos espec\u00edficos del proyecto:<\/p>\n<ul>\n<li>Favorecer la formaci\u00f3n y el desarrollo de competencias emprendedoras.<\/li>\n<li>Apoyar la generaci\u00f3n de empleo a trav\u00e9s de la creaci\u00f3n de emprendimientos y el fortalecimiento de industrias culturales.<\/li>\n<li>Promover la sustentabilidad de los emprendimientos.<\/li>\n<\/ul>\n<p><span style=\"color: #33cccc;\"><strong>Bases y condiciones<\/strong><\/span><\/p>\n<p>Para la postulaci\u00f3n, selecci\u00f3n y aceptaci\u00f3n de propuestas se establecen las siguientes categor\u00edas:<\/p>\n<p><span style=\"color: #33cccc;\"><strong>1- Comercializaci\u00f3n<\/strong>:<\/span> con el objetivo de financiar total o parcialmente la producci\u00f3n de distintos soportes que contribuyan a la difusi\u00f3n, circulaci\u00f3n y\/o comercializaci\u00f3n de productos y\/o servicios que propicien el desarrollo y la sustentabilidad de un emprendimiento cultural provincial. Se otorgar\u00e1n apoyos econ\u00f3micos equivalentes a las sumas establecidas por la autoridad de aplicaci\u00f3n para cada edici\u00f3n del programa.<\/p>\n<p><span style=\"color: #33cccc;\"><strong>2- Equipamiento<\/strong>:<\/span> tiene por objetivo financiar total o parcialmente proyectos cuya necesidad radique en equipamiento para su desarrollo. Se otorgar\u00e1n apoyos econ\u00f3micos equivalentes a las sumas fijadas por la autoridad de aplicaci\u00f3n para cada edici\u00f3n del programa.<\/p>\n<p><span style=\"color: #33cccc;\"><strong>3- Innovaci\u00f3n<\/strong>:<\/span> con el objetivo de financiar total o parcialmente proyectos que se encuentran en v\u00edas de desarrollo o perfeccionamiento con caracter\u00edsticas innovadoras. Se otorgar\u00e1n apoyos econ\u00f3micos equivalentes a las sumas fijadas por la citada autoridad para cada edici\u00f3n del programa.<\/p>\n<p><span style=\"color: #33cccc;\"><strong>Etapas<\/strong><\/span><\/p>\n<p>El desarrollo del plan incluye las siguientes etapas:<\/p>\n<ol>\n<li>Inscripci\u00f3n<\/li>\n<li>Desarrollo de video pitch<\/li>\n<li>Formaci\u00f3n de preseleccionados<\/li>\n<li>Etapa de evaluaci\u00f3n<\/li>\n<li>Selecci\u00f3n<\/li>\n<li>Mentor\u00eda<\/li>\n<\/ol>\n<p><span style=\"color: #33cccc;\"><strong>Etapa de inscripci\u00f3n<\/strong><\/span><\/p>\n<p>Podr\u00e1n realizar la inscripci\u00f3n a este programa:<\/p>\n<p>1- Personas mayores de 18 a\u00f1os LGBTI+ y que residan en la provincia de San Juan (excluyente).<\/p>\n<p>2- La postulaci\u00f3n podr\u00e1 ser de forma individual o grupal.<\/p>\n<p>La persona interesada deber\u00e1 realizar su postulaci\u00f3n completando el formulario de inscripci\u00f3n publicado en la web del Ministerio de Desarrollo Humano y Promoci\u00f3n Social. La presentaci\u00f3n de la idea o proyecto podr\u00e1 ser individual o de un equipo. La postulaci\u00f3n en el concurso constituye la aceptaci\u00f3n de las Bases y Condiciones que rigen el presente concurso.<\/p>\n<p><span style=\"color: #33cccc;\"><strong>Etapa de desarrollo de video pitch<\/strong><\/span><\/p>\n<p>Quienes postularon al programa deber\u00e1n realizar un video pitch, que consiste en una presentaci\u00f3n breve y concisa del proyecto la cual no debe durar m\u00e1s de 3 minutos. Para la realizaci\u00f3n de \u00e9sta presentaci\u00f3n se adjunta una gu\u00eda te\u00f3rica con herramientas t\u00e9cnicas y sobre el contenido del video.<\/p>\n<p>Si bien la asistencia a esta etapa es optativa, la presentaci\u00f3n del video constituye uno de los requisitos de postulaci\u00f3n al programa.<\/p>\n<p><span style=\"color: #33cccc;\"><strong>Etapa de formaci\u00f3n de preseleccionados<\/strong><\/span><\/p>\n<p>Consiste en un encuentro donde se realizar\u00e1 un trabajo colaborativo entre los proyectos que han sido preseleccionados, con el fin de generar una construcci\u00f3n colectiva que ayude a potenciar o mejorar las ideas presentadas. Esta instancia es de car\u00e1cter obligatorio para continuar en el proceso de selecci\u00f3n. Se pre seleccionar\u00e1n hasta el cincuenta por ciento (50%) de los proyectos presentados. Los seleccionados a la etapa de formaci\u00f3n se anunciar\u00e1n a trav\u00e9s de las plataformas de comunicaci\u00f3n oficiales de la direcci\u00f3n de Mujeres, G\u00e9neros y Diversidad y del Ministerio de Desarrollo Humano y Promoci\u00f3n Social.<\/p>\n<p><span style=\"color: #33cccc;\"><strong>Etapa de evaluaci\u00f3n y selecci\u00f3n<\/strong><\/span><\/p>\n<p>La evaluaci\u00f3n de los proyectos estar\u00e1 a cargo de una Comisi\u00f3n conformada por el equipo de trabajo del \u00e1rea de Diversidad de la Direcci\u00f3n de Mujeres, G\u00e9neros y Diversidad y referentes de instituciones p\u00fablicas o privadas competentes, con las que el Ministerio de Desarrollo Humano y Promoci\u00f3n Social firme Convenios a los fines correspondientes. Se seleccionar\u00e1n el cincuenta por ciento de los proyectos preseleccionados, de acuerdo a los criterios de evaluaci\u00f3n, a saber:<\/p>\n<ol>\n<li>Calidad integral de la propuesta: adem\u00e1s de incluir que se pretende hacer, es importante presentar la importancia del proyecto, qu\u00e9 informaci\u00f3n hay de fondo, que experiencia previa hay (si la hubiera), que implica llevar a cabo este proyecto desde todas las perspectivas posibles.<\/li>\n<li>Viabilidad y factibilidad: se eval\u00faa si el proyecto ser\u00e1 factible de ser desarrollado por el responsable o el equipo o con los fondos disponibles, a su vez si es apto para mantenerse en el tiempo e incrementar la escala de su operaci\u00f3n original.<\/li>\n<li>Posible expansi\u00f3n en el campo espec\u00edfico: que el proyecto presente evidencia del tama\u00f1o del mercado y de su potencial.<\/li>\n<li>Car\u00e1cter innovador de la propuesta: se dar\u00e1 especial atenci\u00f3n a los proyectos que comprendan un nuevo producto, dise\u00f1o, proceso, servicio, m\u00e9todo u organizaci\u00f3n, o que a\u00f1ada valor a los existentes.<\/li>\n<\/ol>\n<p><span style=\"color: #33cccc;\"><strong>Etapa de mentor\u00eda<\/strong><\/span><\/p>\n<p>Aquellos proyectos que resulten finalmente seleccionados, deber\u00e1n cumplir con la etapa de mentor\u00eda, como requisito para acceder al aporte no reembolsable en el que consiste el presente programa.<\/p>\n<p>Esta etapa consiste en un proceso de acompa\u00f1amiento, asesoramiento, tutor\u00eda acerca de inquietudes, dificultades, que pueden surgir en el proyecto presentado. El tiempo que se dedicar\u00e1 a cada mentor\u00eda depender\u00e1 de la etapa de desarrollo en que est\u00e9 el proyecto y\/o cuales son las experiencias<\/p>\n<\/div>\n<div class=\"clr\"><\/div>\n<div class=\"itemContentFooter\"><span class=\"itemDateModified\">Publicado el Lunes, 28 de Noviembre de 2022<\/span><\/div>\n<p>&nbsp;<\/p>\n","protected":false},"excerpt":{"rendered":"<p>En Casa de Gobierno, se realiz\u00f3 el lanzamiento del programa Emprender en Diversidad, una iniciativa de la Direcci\u00f3n de las<\/p>\n","protected":false},"author":3,"featured_media":54887,"comment_status":"closed","ping_status":"closed","sticky":false,"template":"","format":"standard","meta":{"_acf_changed":false,"_seopress_robots_primary_cat":"none","_seopress_titles_title":"","_seopress_titles_desc":"","_seopress_robots_index":"","colormag_page_container_layout":"default_layout","colormag_page_sidebar_layout":"default_layout","footnotes":""},"categories":[2],"tags":[],"class_list":["post-54885","post","type-post","status-publish","format-standard","has-post-thumbnail","hentry","category-convocatorias"],"acf":[],"_links":{"self":[{"href":"https:\/\/vocesparalelas.com.ar\/sitio\/wp-json\/wp\/v2\/posts\/54885","targetHints":{"allow":["GET"]}}],"collection":[{"href":"https:\/\/vocesparalelas.com.ar\/sitio\/wp-json\/wp\/v2\/posts"}],"about":[{"href":"https:\/\/vocesparalelas.com.ar\/sitio\/wp-json\/wp\/v2\/types\/post"}],"author":[{"embeddable":true,"href":"https:\/\/vocesparalelas.com.ar\/sitio\/wp-json\/wp\/v2\/users\/3"}],"replies":[{"embeddable":true,"href":"https:\/\/vocesparalelas.com.ar\/sitio\/wp-json\/wp\/v2\/comments?post=54885"}],"version-history":[{"count":1,"href":"https:\/\/vocesparalelas.com.ar\/sitio\/wp-json\/wp\/v2\/posts\/54885\/revisions"}],"predecessor-version":[{"id":54888,"href":"https:\/\/vocesparalelas.com.ar\/sitio\/wp-json\/wp\/v2\/posts\/54885\/revisions\/54888"}],"wp:featuredmedia":[{"embeddable":true,"href":"https:\/\/vocesparalelas.com.ar\/sitio\/wp-json\/wp\/v2\/media\/54887"}],"wp:attachment":[{"href":"https:\/\/vocesparalelas.com.ar\/sitio\/wp-json\/wp\/v2\/media?parent=54885"}],"wp:term":[{"taxonomy":"category","embeddable":true,"href":"https:\/\/vocesparalelas.com.ar\/sitio\/wp-json\/wp\/v2\/categories?post=54885"},{"taxonomy":"post_tag","embeddable":true,"href":"https:\/\/vocesparalelas.com.ar\/sitio\/wp-json\/wp\/v2\/tags?post=54885"}],"curies":[{"name":"wp","href":"https:\/\/api.w.org\/{rel}","templated":true}]}}