{"id":54881,"date":"2022-11-28T17:06:11","date_gmt":"2022-11-28T20:06:11","guid":{"rendered":"https:\/\/vocesparalelas.com.ar\/sitio\/?p=54881"},"modified":"2022-11-29T01:26:17","modified_gmt":"2022-11-29T04:26:17","slug":"nuevas-autoridades-en-la-escuela-normal-superior-general-san-martin","status":"publish","type":"post","link":"https:\/\/vocesparalelas.com.ar\/sitio\/nuevas-autoridades-en-la-escuela-normal-superior-general-san-martin\/","title":{"rendered":"Nuevas autoridades en la Escuela Normal Superior General San Mart\u00edn"},"content":{"rendered":"<div class=\"itemFullText\">\n<p><span lang=\"ES-AR\">El Ministerio de Educaci\u00f3n del Gobierno de San Juan por Resoluci\u00f3n 9684-ME -2022 designaron nuevas autoridades en la Escuela Normal Superior General San Mart\u00edn como interventor y subinterventor.<\/span><\/p>\n<p>Por ello, l<span lang=\"ES-AR\">a secretaria de Educaci\u00f3n, Prof. Ana S\u00e1nchez y el director de Nivel Superior, Lic. Carlos Canga, pusieron en funciones como interventor al Prof. Manuel Alejandro Cuello y como subinterventora a la Prof. Fernanda Rostagno.<\/span><\/p>\n<p><strong><span style=\"color: #339966;\">Aportes de Voces Paralelas<\/span><\/strong><\/p>\n<p>Es importante aclarar que, la existencia de nuevas autoridades que act\u00faan como interventores en la <span lang=\"ES-AR\">Escuela Normal Superior General San Mart\u00edn se debe a que las autoridades, es decir, el Rector y Vicerrectora, fueron apartados de sus cargos desde Septiembre de 2022 por que se inici\u00f3 un sumario administrativo y hasta que no se resuelvan las investigaciones que se descargan en expedientes. <\/span><\/p>\n<p><span lang=\"ES-AR\">Mientras dure las investigaciones, el Ministerio de Educaci\u00f3n resolvi\u00f3 con la Resoluci\u00f3n 9684-ME-2022 designar al Prof. Manuel Alejandro Cuello y la Prof. Fernanda Rostagno, quienes no pertenecen a la instituci\u00f3n pero poseen el conocimiento de poder dirigir la Escuela Normal Superior General San Mart\u00edn. Esto permite que contin\u00fae funcionando con autoridades, como corresponde.<\/span><\/p>\n<p>La <span lang=\"ES-AR\">Resoluci\u00f3n 9684-ME-2022 es el instrumento legal que tiene el Ministerio de Educaci\u00f3n que permite resolver una situaci\u00f3n que se present\u00f3 en la instituci\u00f3n. Hasta que no se resuelva los autoridades interventores pueden seguir trabajando para lograr el excelente funcionamiento de la misma.<\/span><\/p>\n<p><span lang=\"ES-AR\">Durante el tiempo que permanezcan los interventores se ver\u00e1 que resuelve el Ministerio de Educaci\u00f3n c\u00f3mo contin\u00faa el proceso. Lo m\u00e1s importa que tenga autoridades para que el trabajo educativo contin\u00fae con la excelencia que siempre la ha caracterizado a la Escuela Normal Superior General San Mart\u00edn que, contribuye a la Educaci\u00f3n de San Juan.<\/span><\/p>\n<p>&nbsp;<\/p>\n<\/div>\n<p><img loading=\"lazy\" decoding=\"async\" class=\"alignnone size-full wp-image-53137\" src=\"https:\/\/vocesparalelas.com.ar\/sitio\/wp-content\/uploads\/2022\/09\/ESCUELA-SAN-MARTIN-06.jpg\" alt=\"\" width=\"800\" height=\"600\" srcset=\"https:\/\/vocesparalelas.com.ar\/sitio\/wp-content\/uploads\/2022\/09\/ESCUELA-SAN-MARTIN-06.jpg 800w, https:\/\/vocesparalelas.com.ar\/sitio\/wp-content\/uploads\/2022\/09\/ESCUELA-SAN-MARTIN-06-300x225.jpg 300w, https:\/\/vocesparalelas.com.ar\/sitio\/wp-content\/uploads\/2022\/09\/ESCUELA-SAN-MARTIN-06-768x576.jpg 768w\" sizes=\"auto, (max-width: 800px) 100vw, 800px\" \/><\/p>\n<div class=\"clr\"><\/div>\n<div class=\"itemContentFooter\"><span class=\"itemDateModified\">Publicado el Lunes, 28 de Noviembre de 2022<\/span><\/div>\n<div><\/div>\n","protected":false},"excerpt":{"rendered":"<p>El Ministerio de Educaci\u00f3n del Gobierno de San Juan por Resoluci\u00f3n 9684-ME -2022 designaron nuevas autoridades en la Escuela Normal<\/p>\n","protected":false},"author":3,"featured_media":54883,"comment_status":"closed","ping_status":"closed","sticky":false,"template":"","format":"standard","meta":{"_acf_changed":false,"_seopress_robots_primary_cat":"none","_seopress_titles_title":"","_seopress_titles_desc":"","_seopress_robots_index":"","colormag_page_container_layout":"default_layout","colormag_page_sidebar_layout":"default_layout","footnotes":""},"categories":[1],"tags":[],"class_list":["post-54881","post","type-post","status-publish","format-standard","has-post-thumbnail","hentry","category-destacadas"],"acf":[],"_links":{"self":[{"href":"https:\/\/vocesparalelas.com.ar\/sitio\/wp-json\/wp\/v2\/posts\/54881","targetHints":{"allow":["GET"]}}],"collection":[{"href":"https:\/\/vocesparalelas.com.ar\/sitio\/wp-json\/wp\/v2\/posts"}],"about":[{"href":"https:\/\/vocesparalelas.com.ar\/sitio\/wp-json\/wp\/v2\/types\/post"}],"author":[{"embeddable":true,"href":"https:\/\/vocesparalelas.com.ar\/sitio\/wp-json\/wp\/v2\/users\/3"}],"replies":[{"embeddable":true,"href":"https:\/\/vocesparalelas.com.ar\/sitio\/wp-json\/wp\/v2\/comments?post=54881"}],"version-history":[{"count":3,"href":"https:\/\/vocesparalelas.com.ar\/sitio\/wp-json\/wp\/v2\/posts\/54881\/revisions"}],"predecessor-version":[{"id":54899,"href":"https:\/\/vocesparalelas.com.ar\/sitio\/wp-json\/wp\/v2\/posts\/54881\/revisions\/54899"}],"wp:featuredmedia":[{"embeddable":true,"href":"https:\/\/vocesparalelas.com.ar\/sitio\/wp-json\/wp\/v2\/media\/54883"}],"wp:attachment":[{"href":"https:\/\/vocesparalelas.com.ar\/sitio\/wp-json\/wp\/v2\/media?parent=54881"}],"wp:term":[{"taxonomy":"category","embeddable":true,"href":"https:\/\/vocesparalelas.com.ar\/sitio\/wp-json\/wp\/v2\/categories?post=54881"},{"taxonomy":"post_tag","embeddable":true,"href":"https:\/\/vocesparalelas.com.ar\/sitio\/wp-json\/wp\/v2\/tags?post=54881"}],"curies":[{"name":"wp","href":"https:\/\/api.w.org\/{rel}","templated":true}]}}