{"id":54877,"date":"2022-11-28T16:49:14","date_gmt":"2022-11-28T19:49:14","guid":{"rendered":"https:\/\/vocesparalelas.com.ar\/sitio\/?p=54877"},"modified":"2022-11-30T20:25:35","modified_gmt":"2022-11-30T23:25:35","slug":"inscripciones-para-la-escuela-de-verano-y-la-escuela-de-deporte-aventura-de-la-unsj","status":"publish","type":"post","link":"https:\/\/vocesparalelas.com.ar\/sitio\/inscripciones-para-la-escuela-de-verano-y-la-escuela-de-deporte-aventura-de-la-unsj\/","title":{"rendered":"\u00a0Inscripciones\u00a0para la\u00a0Escuela de Verano\u00a0y la\u00a0Escuela de Deporte Aventura\u00a0de la UNSJ"},"content":{"rendered":"<p>La Secretar\u00eda de Bienestar Universitario de la Universidad Nacional de San Juan informa que comenzaron las\u00a0inscripciones\u00a0para la\u00a0Escuela de Verano\u00a0y la\u00a0Escuela de Deporte Aventura\u00a0en el Complejo Deportivo El Palomar. Tanto socios y socias como no socios y no socias pueden inscribirse en esta actividad.<\/p>\n<p>La\u00a0Escuela de Verano\u00a0est\u00e1 destinada para ni\u00f1as y ni\u00f1os de 4 a 11 a\u00f1os. Las actividades comienzan el 12 de diciembre y ser\u00e1n de lunes a viernes de 09 a 13 h.<\/p>\n<p>Por otro lado, la\u00a0Escuela de Deporte Aventura\u00a0est\u00e1 destinada para ni\u00f1as y ni\u00f1os de 12 a 17 a\u00f1os, las actividades tambi\u00e9n comienzan el 12 de diciembre y se realizar\u00e1n de lunes a viernes de 13:30 a 17:30 h.<\/p>\n<p>Las inscripciones son a partir del 28 de noviembre de 9 a 13 y de 15 a 20 h.<\/p>\n<p>Tener en cuenta que para la inscripci\u00f3n se necesita presentar la Ficha M\u00e9dica firmada por un m\u00e9dico\/a (imprimir en tama\u00f1o oficio) y la fotocopia del carnet de vacunaci\u00f3n y DNI.<\/p>\n<p>Para descargar la Ficha M\u00e9dica en <a href=\"https:\/\/linktr.ee\/bienestar_unsj\">https:\/\/linktr.ee\/bienestar_unsj<\/a> o pedirla por WhatsApp.<\/p>\n<p>Para consultas comunicarse al 2646629521 (solo WhatsApp) de 9 a 13 y de 15 a 20 h.<\/p>\n<p>Los aranceles se encuentran especificados en la siguiente imagen.<\/p>\n<p><img loading=\"lazy\" decoding=\"async\" class=\"alignnone size-large wp-image-54879\" src=\"https:\/\/vocesparalelas.com.ar\/sitio\/wp-content\/uploads\/2022\/11\/unsj-aranceles-01-706x800.jpg\" alt=\"\" width=\"706\" height=\"800\" srcset=\"https:\/\/vocesparalelas.com.ar\/sitio\/wp-content\/uploads\/2022\/11\/unsj-aranceles-01-706x800.jpg 706w, https:\/\/vocesparalelas.com.ar\/sitio\/wp-content\/uploads\/2022\/11\/unsj-aranceles-01-265x300.jpg 265w, https:\/\/vocesparalelas.com.ar\/sitio\/wp-content\/uploads\/2022\/11\/unsj-aranceles-01-768x870.jpg 768w, https:\/\/vocesparalelas.com.ar\/sitio\/wp-content\/uploads\/2022\/11\/unsj-aranceles-01.jpg 800w\" sizes=\"auto, (max-width: 706px) 100vw, 706px\" \/><\/p>\n<p>&nbsp;<\/p>\n<p><img loading=\"lazy\" decoding=\"async\" class=\"alignnone size-full wp-image-53945\" src=\"https:\/\/vocesparalelas.com.ar\/sitio\/wp-content\/uploads\/2022\/10\/UNSJ-LOGO-50-FINAL.jpg\" alt=\"\" width=\"800\" height=\"476\" srcset=\"https:\/\/vocesparalelas.com.ar\/sitio\/wp-content\/uploads\/2022\/10\/UNSJ-LOGO-50-FINAL.jpg 800w, https:\/\/vocesparalelas.com.ar\/sitio\/wp-content\/uploads\/2022\/10\/UNSJ-LOGO-50-FINAL-300x179.jpg 300w, https:\/\/vocesparalelas.com.ar\/sitio\/wp-content\/uploads\/2022\/10\/UNSJ-LOGO-50-FINAL-768x457.jpg 768w\" sizes=\"auto, (max-width: 800px) 100vw, 800px\" \/><\/p>\n<p><img loading=\"lazy\" decoding=\"async\" class=\"alignnone size-full wp-image-54035\" src=\"https:\/\/vocesparalelas.com.ar\/sitio\/wp-content\/uploads\/2022\/11\/UNSJ-LOGO-10.jpg\" alt=\"\" width=\"800\" height=\"533\" srcset=\"https:\/\/vocesparalelas.com.ar\/sitio\/wp-content\/uploads\/2022\/11\/UNSJ-LOGO-10.jpg 800w, https:\/\/vocesparalelas.com.ar\/sitio\/wp-content\/uploads\/2022\/11\/UNSJ-LOGO-10-300x200.jpg 300w, https:\/\/vocesparalelas.com.ar\/sitio\/wp-content\/uploads\/2022\/11\/UNSJ-LOGO-10-768x512.jpg 768w\" sizes=\"auto, (max-width: 800px) 100vw, 800px\" \/><\/p>\n<p>Publicado el Lunes, 28 de Noviembre de 2022<\/p>\n","protected":false},"excerpt":{"rendered":"<p>La Secretar\u00eda de Bienestar Universitario de la Universidad Nacional de San Juan informa que comenzaron las\u00a0inscripciones\u00a0para la\u00a0Escuela de Verano\u00a0y la\u00a0Escuela<\/p>\n","protected":false},"author":3,"featured_media":6496,"comment_status":"closed","ping_status":"closed","sticky":false,"template":"","format":"standard","meta":{"_acf_changed":false,"_seopress_robots_primary_cat":"none","_seopress_titles_title":"","_seopress_titles_desc":"","_seopress_robots_index":"","colormag_page_container_layout":"default_layout","colormag_page_sidebar_layout":"default_layout","footnotes":""},"categories":[5],"tags":[],"class_list":["post-54877","post","type-post","status-publish","format-standard","has-post-thumbnail","hentry","category-ofrecimientos"],"acf":[],"_links":{"self":[{"href":"https:\/\/vocesparalelas.com.ar\/sitio\/wp-json\/wp\/v2\/posts\/54877","targetHints":{"allow":["GET"]}}],"collection":[{"href":"https:\/\/vocesparalelas.com.ar\/sitio\/wp-json\/wp\/v2\/posts"}],"about":[{"href":"https:\/\/vocesparalelas.com.ar\/sitio\/wp-json\/wp\/v2\/types\/post"}],"author":[{"embeddable":true,"href":"https:\/\/vocesparalelas.com.ar\/sitio\/wp-json\/wp\/v2\/users\/3"}],"replies":[{"embeddable":true,"href":"https:\/\/vocesparalelas.com.ar\/sitio\/wp-json\/wp\/v2\/comments?post=54877"}],"version-history":[{"count":1,"href":"https:\/\/vocesparalelas.com.ar\/sitio\/wp-json\/wp\/v2\/posts\/54877\/revisions"}],"predecessor-version":[{"id":54880,"href":"https:\/\/vocesparalelas.com.ar\/sitio\/wp-json\/wp\/v2\/posts\/54877\/revisions\/54880"}],"wp:featuredmedia":[{"embeddable":true,"href":"https:\/\/vocesparalelas.com.ar\/sitio\/wp-json\/wp\/v2\/media\/6496"}],"wp:attachment":[{"href":"https:\/\/vocesparalelas.com.ar\/sitio\/wp-json\/wp\/v2\/media?parent=54877"}],"wp:term":[{"taxonomy":"category","embeddable":true,"href":"https:\/\/vocesparalelas.com.ar\/sitio\/wp-json\/wp\/v2\/categories?post=54877"},{"taxonomy":"post_tag","embeddable":true,"href":"https:\/\/vocesparalelas.com.ar\/sitio\/wp-json\/wp\/v2\/tags?post=54877"}],"curies":[{"name":"wp","href":"https:\/\/api.w.org\/{rel}","templated":true}]}}