{"id":54836,"date":"2022-11-24T18:57:44","date_gmt":"2022-11-24T21:57:44","guid":{"rendered":"https:\/\/vocesparalelas.com.ar\/sitio\/?p=54836"},"modified":"2022-11-27T18:12:43","modified_gmt":"2022-11-27T21:12:43","slug":"concierto-homenaje-70o-aniversario-de-la-asociacion-amigos-de-la-musica-de-san-juan","status":"publish","type":"post","link":"https:\/\/vocesparalelas.com.ar\/sitio\/concierto-homenaje-70o-aniversario-de-la-asociacion-amigos-de-la-musica-de-san-juan\/","title":{"rendered":"Concierto Homenaje 70\u00ba Aniversario de la Asociaci\u00f3n Amigos de la M\u00fasica de San Juan"},"content":{"rendered":"<p>El S\u00e1bado, 26 de Noviembre de 2022, a las 20,30 hs. en la sala del Auditorio Juan Victoria, con entrada libre y gratuita se desarrolla \u00abConcierto Homenaje 70\u00ba Aniversario de la Asociaci\u00f3n Amigos de la M\u00fasica de San Juan, 1952 &#8211; 2022, en el marco de las celebraciones por el D\u00eda de la M\u00fasica, que fue el 22 de Noviembre.<\/p>\n<p>El programa del Concierto Homenaje consta de palabras de bienvenida a cargo de Autoridades de la Asociaci\u00f3n Amigos de la M\u00fasica con la presencia de la Prof. Edith Chippitelli y el Prof. Rodolfo Ferrer, una breve contextualizaci\u00f3n hist\u00f3rico cultural de la d\u00e9cada del 50 a partir de trabajos del Instituto de Estudios Musicales (IEM) a cargo de la Dra. Graciela Musri y la interpretaci\u00f3n de obras variadas de distintas \u00e9pocas y estilos en las que participan Agust\u00edn Villarroel (piano), el Prof. C\u00e9sar S\u00e1nchez y la Prof. Lucia Costanza (Canto y piano), el Ensamble de guitarras que dirige la Prof. Soledad Vega, Munay (Canto y guitarra) y el cierre con el Coro Estudio Coral Kod\u00e1ly dirigido por el Mg. Jorge Fuentes.<\/p>\n<p>Dicha actividad forma parte del Proyecto de Extensi\u00f3n Universitaria: Circuitos musicales creando nuevos v\u00ednculos entre la UNSJ y la sociedad 2\u00aa etapa &#8211; 2022 dirigido por la Mg. Stella<\/p>\n<p>Propuesto desde el Departamento de M\u00fasica y aprobado en la convocatoria \u00abUniversidad, cultura y territorio\u201d de la Secretar\u00eda de Pol\u00edticas Universitarias, Subsecretaria Fortalecimiento de Trayectorias Estudiantiles, del Ministerio de Educaci\u00f3n de la Naci\u00f3n en el marco del Programa de Fortalecimiento de la Extensi\u00f3n Universitaria.<\/p>\n<p>El PEU cuenta con la Declaraci\u00f3n de inter\u00e9s social, educativo y cultural por la C\u00e1mara de Diputados de San Juan, como as\u00ed tambi\u00e9n con el Auspicio y Declaraci\u00f3n de inter\u00e9s por parte del Ministerio de Turismo y Cultura de la Provincia.<\/p>\n<p><span style=\"color: #339966;\"><strong>Contactos Asociaci\u00f3n Amigos de la M\u00fasica<\/strong><\/span><\/p>\n<p><a href=\"mailto:amigosdelamusicasanjuan@gmail.com\">amigosdelamusicasanjuan@gmail.com<\/a><\/p>\n<p><a href=\"https:\/\/www.facebook.com\/amigosdelamusicasj\">https:\/\/www.facebook.com\/amigosdelamusicasj<\/a><\/p>\n<p><strong><span style=\"color: #339966;\">Contactos PEU<\/span><\/strong><\/p>\n<p><a href=\"mailto:circuitosmusicales.ffha@gmail.com\">circuitosmusicales.ffha@gmail.com<\/a><\/p>\n<p><a href=\"https:\/\/circuitosmusicalessj.wixsite.com\/cmffha\">https:\/\/circuitosmusicalessj.wixsite.com\/cmffha<\/a><\/p>\n<p>&nbsp;<\/p>\n<p>Publicado el Jueves, 24 de Noviembre de 2022<\/p>\n<p>&nbsp;<\/p>\n","protected":false},"excerpt":{"rendered":"<p>El S\u00e1bado, 26 de Noviembre de 2022, a las 20,30 hs. en la sala del Auditorio Juan Victoria, con entrada<\/p>\n","protected":false},"author":3,"featured_media":4322,"comment_status":"closed","ping_status":"closed","sticky":false,"template":"","format":"standard","meta":{"_acf_changed":false,"_seopress_robots_primary_cat":"none","_seopress_titles_title":"","_seopress_titles_desc":"","_seopress_robots_index":"","colormag_page_container_layout":"default_layout","colormag_page_sidebar_layout":"default_layout","footnotes":""},"categories":[1],"tags":[],"class_list":["post-54836","post","type-post","status-publish","format-standard","has-post-thumbnail","hentry","category-destacadas"],"acf":[],"_links":{"self":[{"href":"https:\/\/vocesparalelas.com.ar\/sitio\/wp-json\/wp\/v2\/posts\/54836","targetHints":{"allow":["GET"]}}],"collection":[{"href":"https:\/\/vocesparalelas.com.ar\/sitio\/wp-json\/wp\/v2\/posts"}],"about":[{"href":"https:\/\/vocesparalelas.com.ar\/sitio\/wp-json\/wp\/v2\/types\/post"}],"author":[{"embeddable":true,"href":"https:\/\/vocesparalelas.com.ar\/sitio\/wp-json\/wp\/v2\/users\/3"}],"replies":[{"embeddable":true,"href":"https:\/\/vocesparalelas.com.ar\/sitio\/wp-json\/wp\/v2\/comments?post=54836"}],"version-history":[{"count":1,"href":"https:\/\/vocesparalelas.com.ar\/sitio\/wp-json\/wp\/v2\/posts\/54836\/revisions"}],"predecessor-version":[{"id":54838,"href":"https:\/\/vocesparalelas.com.ar\/sitio\/wp-json\/wp\/v2\/posts\/54836\/revisions\/54838"}],"wp:featuredmedia":[{"embeddable":true,"href":"https:\/\/vocesparalelas.com.ar\/sitio\/wp-json\/wp\/v2\/media\/4322"}],"wp:attachment":[{"href":"https:\/\/vocesparalelas.com.ar\/sitio\/wp-json\/wp\/v2\/media?parent=54836"}],"wp:term":[{"taxonomy":"category","embeddable":true,"href":"https:\/\/vocesparalelas.com.ar\/sitio\/wp-json\/wp\/v2\/categories?post=54836"},{"taxonomy":"post_tag","embeddable":true,"href":"https:\/\/vocesparalelas.com.ar\/sitio\/wp-json\/wp\/v2\/tags?post=54836"}],"curies":[{"name":"wp","href":"https:\/\/api.w.org\/{rel}","templated":true}]}}