{"id":54825,"date":"2022-11-26T13:10:43","date_gmt":"2022-11-26T16:10:43","guid":{"rendered":"https:\/\/vocesparalelas.com.ar\/sitio\/?p=54825"},"modified":"2022-11-29T00:33:37","modified_gmt":"2022-11-29T03:33:37","slug":"abordaje-de-la-problematica-del-suicidio-en-los-medios-claves-para-una-comunicacion-responsable-en-san-juan","status":"publish","type":"post","link":"https:\/\/vocesparalelas.com.ar\/sitio\/abordaje-de-la-problematica-del-suicidio-en-los-medios-claves-para-una-comunicacion-responsable-en-san-juan\/","title":{"rendered":"\u201cAbordaje de la problem\u00e1tica del suicidio en los medios: claves para una comunicaci\u00f3n responsable\u201d en San Juan"},"content":{"rendered":"<p>El Ministerio de Salud P\u00fablica, la Subsecretaria de Informaci\u00f3n P\u00fablica, el Programa de Abordaje Integral de la Problem\u00e1tica del Suicidio, la Defensor\u00eda del P\u00fablico de Servicios de Comunicaci\u00f3n Audiovisual del Ministerio de Salud de la Naci\u00f3n y la Divisi\u00f3n Salud Mental del Ministerio de Salud de la Naci\u00f3n, se unieron para brindar la Capacitaci\u00f3n \u201cAbordaje de la problem\u00e1tica del suicidio en los medios: claves para una comunicaci\u00f3n responsable\u201d.<\/p>\n<p><strong><span style=\"color: #ff0000;\">Expositores<\/span><\/strong><\/p>\n<ul>\n<li>Jefa Divisi\u00f3n Psicolog\u00eda, Ministerio de Salud P\u00fablica, Gobierno de San Juan, Lic. Cecilia Turiz<\/li>\n<li>Coordinadora del Programa de Abordaje Integral de la Problem\u00e1tica del Suicidio del Ministerio de Salud de la Naci\u00f3n, Dra. B\u00e1rbara Alter<\/li>\n<\/ul>\n<p><iframe loading=\"lazy\" title=\"SALUD SAN JUAN\" width=\"800\" height=\"450\" src=\"https:\/\/www.youtube.com\/embed\/EFzR8t_wOhs?feature=oembed\" frameborder=\"0\" allow=\"accelerometer; autoplay; clipboard-write; encrypted-media; gyroscope; picture-in-picture\" allowfullscreen><\/iframe><\/p>\n<p>&nbsp;<\/p>\n<ul>\n<li>Directora Nacional de Abordaje Integral de Salud Mental y Consumos Problem\u00e1ticos, Ministerio de Salud de la Naci\u00f3n, Dra. Mariana Moreno<\/li>\n<\/ul>\n<p>&nbsp;<\/p>\n<p><iframe loading=\"lazy\" title=\"SALUD SAN JUAN\" width=\"800\" height=\"450\" src=\"https:\/\/www.youtube.com\/embed\/QaUNj5y6fPY?feature=oembed\" frameborder=\"0\" allow=\"accelerometer; autoplay; clipboard-write; encrypted-media; gyroscope; picture-in-picture\" allowfullscreen><\/iframe><\/p>\n<p>La coordinador del Abordaje Integral de la Problem\u00e1tica del Suicidio del Ministerio de Salud del Gobierno de San Juan, Lic. Daniela P\u00e9rez, puntualiz\u00f3 el trabajo que est\u00e1n desarrollando los medios de comunicaci\u00f3n de San Juan<\/p>\n<p>&nbsp;<\/p>\n<p><img loading=\"lazy\" decoding=\"async\" class=\"alignnone size-full wp-image-54829\" src=\"https:\/\/vocesparalelas.com.ar\/sitio\/wp-content\/uploads\/2022\/11\/ABORDAJE-PRENSA-03.jpg\" alt=\"\" width=\"800\" height=\"533\" srcset=\"https:\/\/vocesparalelas.com.ar\/sitio\/wp-content\/uploads\/2022\/11\/ABORDAJE-PRENSA-03.jpg 800w, https:\/\/vocesparalelas.com.ar\/sitio\/wp-content\/uploads\/2022\/11\/ABORDAJE-PRENSA-03-300x200.jpg 300w, https:\/\/vocesparalelas.com.ar\/sitio\/wp-content\/uploads\/2022\/11\/ABORDAJE-PRENSA-03-768x512.jpg 768w\" sizes=\"auto, (max-width: 800px) 100vw, 800px\" \/><\/p>\n<p><span style=\"color: #ff0000;\"><strong>Programa de Abordaje Integral del Suicidio<\/strong><\/span><\/p>\n<p><span style=\"color: #ff0000;\"><strong>Marco Normativo<\/strong><\/span><\/p>\n<ul>\n<li>Ley Nacional de Salud Mental 26.657<\/li>\n<li>Ley Nacional de Prevenci\u00f3n del Suicidio 27.130<\/li>\n<\/ul>\n<p><span style=\"color: #ff0000;\"><strong>Ejes y Objetivos de Trabajo<\/strong><\/span><\/p>\n<ul>\n<li>Eje 01 Rector\u00eda: Fortalecimiento de las capacidades Institucionales nacionales y Jurisdiccionales para que los distintos actores sociales, gubernamentales y no gubernamentales, implementen pol\u00edticas que garanticen calidad, accesibilidad y equidad en el abordaje de la 0roblem\u00e1tica del suicidio.<\/li>\n<li>Eje 02 Prevenci\u00f3n y Promoci\u00f3n: Fortalecimiento de los lazos sociales, a trav\u00e9s de intervenciones oportunas con enfoque territorial y perspectiva de derechos.<\/li>\n<li>Eje 03 Atenci\u00f3n y Postvenci\u00f3n: Atenci\u00f3n adecuada de las personas con autolesiones o intento de suicidio y la Postvenci\u00f3n en las situaciones de suicidio consumido en la red local de servicios de salud, en el marco del respeto y del cumplimiento de los derechos de las personas.<\/li>\n<li>Eje 04 Fortalecimiento del RRHH en Salud\/ Salud Mental: Desarrollo de acciones formativas dirigidas a profesionales sanitarios en general y de la Salud Mental en particular.<\/li>\n<li>Eje 05 Sistemas de Informaci\u00f3n y Vigilancia Epidemiol\u00f3gica: Desarrollo y fortalecimiento de sistemas de informaci\u00f3n de calidad, relevante y oportuna que contengan las variables espec\u00edficas del suicidio y la conducta suicida en tanto insumo para la planificaci\u00f3n y evaluaci\u00f3n de las pol\u00edticas p\u00fablicas.<\/li>\n<\/ul>\n<p><strong><span style=\"color: #ff0000;\">Bases para el abordaje medi\u00e1tico del suicidio en la legislaci\u00f3n<\/span><\/strong><\/p>\n<p><strong><span style=\"color: #ff0000;\">Marco normativo<\/span><\/strong><\/p>\n<p><strong><span style=\"color: #ff0000;\">Paradigma de derechos compartido y complementado<\/span><\/strong><\/p>\n<p>Ley de Servicios de Comunicaci\u00f3n Audiovisual N\u00b026.822<\/p>\n<p>Plan Integral para of Abordaje de los consumos problem\u00e1ticos Ley N\u00b026.9341<\/p>\n<p>Ley Nacional de Salud Mental N\u00b026.667<\/p>\n<p>Ley Nacional de Prevenci\u00f3n del Suicidio N\u00b0 27.130<\/p>\n<ul>\n<li>Ley provincial N\u00b0 2.405-Q\/2022<\/li>\n<\/ul>\n<p>Ley sobre. Difusi\u00f3n de temas vinculados con la Salud N\u00b0 25.926<\/p>\n<p>Ley Derechos del Paciente N\u00b0 26 520<\/p>\n<p><span style=\"color: #ff0000;\"><strong>Bases para el abordaje medi\u00e1tico del suicidio en la legislaci\u00f3n. Ley de Servicios de Comunicaci\u00f3n Audiovisual N\u00b0 26.522<\/strong><\/span><\/p>\n<ul>\n<li>Derecho a la Comunicaci\u00f3n de las audiencias<\/li>\n<li>Tratamiento plural, igualitario y no estereotipado.<\/li>\n<li>Cumplimiento de lo dispuesto por las leyes que se dicten para la protecci\u00f3n de la salud.<\/li>\n<li>Evitar contenidos que menoscaben la dignidad humana.<\/li>\n<li>Evitar contenidos perjudiciales para la salud de las personas y la integridad de los ni\u00f1os, ni\u00f1as o adolescentes.<\/li>\n<li>Defensa de la persona humana y el respeto a los Derechos personal\u00edsimos.<\/li>\n<li>Enfoque de Derechos.<\/li>\n<\/ul>\n<p><span style=\"color: #ff0000;\"><strong>Bases para el abordaje del suicidio en la legislaci\u00f3n Ley Nacional de Prevenci\u00f3n del Suicidio n\u00b0 27.130<\/strong><\/span><\/p>\n<p><span style=\"color: #ff0000;\"><strong>Prevenci\u00f3n, asistencia y posvenci\u00f3n<\/strong><\/span><\/p>\n<ul>\n<li>Atenci\u00f3n del paciente con intento de suicidio por un equipo interdisciplinario<\/li>\n<li>Atenci\u00f3n biopsicosocial de las personas en riesgo de suicidio y la asistencia a las familias de v\u00edctimas del suicidio.<\/li>\n<li>Abordaje coordinado, interdisciplinario e interinstitucional<\/li>\n<li>\u00abTodas las personas que, en el marco de la asistencia y el tratamiento de un paciente que haya intentado suicidarse, hayan tomado contacto o conocimiento del mismo, estar\u00e1n obligadas a la confidencialidad de la informaci\u00f3n\u00bb.<\/li>\n<li>Atenci\u00f3n biopsicosocial de las personas en riesgo de suicidio y la asistencia a las familias de v\u00edctimas del suicidio.<\/li>\n<li>Recomendaciones a los medios de comunicaci\u00f3n sobre el abordaje responsable.<\/li>\n<li>Creaci\u00f3n de redes de apoyo de la sociedad civil<\/li>\n<li>Sensibilizaci\u00f3n de la poblaci\u00f3n<\/li>\n<\/ul>\n<p><span style=\"color: #ff0000;\"><strong>Bases para el abordaje del suicidio en la legislaci\u00f3n Ley Nacional de Prevenci\u00f3n del Suicidio N\u00b0 27.130<\/strong><\/span><\/p>\n<ul>\n<li>Derecho conocer y preservar su Identidad, sus grupos: de pertenencia, su genealog\u00eda y su historia.<\/li>\n<li>Derecho a no ser identificado ni discriminado por un padecimiento mental actual o pasado.<\/li>\n<li>Derecho a recibir un tratamiento personalizado en un ambiente apto con resguardo de su intimidad. siendo reconocido siempre como sujeto de derecho, con el pleno respeto de su vida privada y libertad de comunicaci\u00f3n:<\/li>\n<li>Derecho a que el padecimiento mental no sea considerado un estado Inmodificable.<\/li>\n<li>Derecho a recibir tratamiento y a ser tratado con la alternativa terap\u00e9utica m\u00e1s conveniente, que menos restrinja sus derechos y libertades, promoviendo la integraci\u00f3n familiar, laboral y comunitaria.<\/li>\n<\/ul>\n<p>La Defensor\u00eda del P\u00fablico de Servicios de Comunicaci\u00f3n Audiovisual a cargo de Sof\u00eda Hammoe explic\u00f3 sobre el Abordaje de la problem\u00e1tica del suicidio en los medios: claves para una comunicaci\u00f3n responsable.<\/p>\n<p><iframe loading=\"lazy\" title=\"SALUD SAN JUAN\" width=\"800\" height=\"450\" src=\"https:\/\/www.youtube.com\/embed\/zfXEq_yKdsw?feature=oembed\" frameborder=\"0\" allow=\"accelerometer; autoplay; clipboard-write; encrypted-media; gyroscope; picture-in-picture\" allowfullscreen><\/iframe><\/p>\n<p>&nbsp;<\/p>\n<p><span style=\"color: #ff0000;\"><strong>Recomendaciones para el abordaje de la problem\u00e1tica del suicidio en los medios: claves para una comunicaci\u00f3n responsable<\/strong><\/span><\/p>\n<ul>\n<li>El suicidio es una problem\u00e1tica compleja, determinada por m\u00faltiples factores (subjetivos, culturales, hist\u00f3ricos, socioecon\u00f3micos, religiosos, \u00e9tnicos y ambientales).<\/li>\n<li>La reproducci\u00f3n y descripci\u00f3n medi\u00e1ticas de un hecho de suicidio o intento puede generar un impacto sensible en la especialmente en aquella poblaci\u00f3n en situaci\u00f3n de vulnerabilidad.<\/li>\n<li>Por ello, es necesario que los medios de comunicaci\u00f3n desarrollen un abordaje riguroso e integral, brindando informaci\u00f3n de manera responsable y cuidada.<\/li>\n<li>En el marco del cumplimiento de la Ley Nacional de Prevenci\u00f3n del Suicidio N\u00b027.130 y de la Ley de Servicios de Comunicaci\u00f3n Audiovisual N\u00b0 26.522, se recomienda a quienes comunican sobre este tema:<\/li>\n<\/ul>\n<p><span style=\"color: #ff0000;\"><strong>Abordaje de la problem\u00e1tica del suicidio en los medios: claves para una comunicaci\u00f3n responsable<\/strong><\/span><\/p>\n<p><span style=\"color: #ff0000;\"><strong>Dimensiones de la comunicaci\u00f3n con enfoque de derechos<\/strong><\/span><\/p>\n<ul>\n<li>Persona referenciada en la noticia.<\/li>\n<li>Entorno afectivo y allegado.<\/li>\n<li>Potencial audiencia en situaci\u00f3n de vulnerabilidad. Capacitaci\u00f3n y cuidado de la salud mental de quienes comunican.<\/li>\n<\/ul>\n<p><span style=\"color: #ff0000;\"><strong>Encuadre<\/strong><\/span><\/p>\n<ul>\n<li>Salud p\u00fablica \/ Sociedad \/ Contexto hist\u00f3rico.<\/li>\n<li>No policial.<\/li>\n<li>Problem\u00e1tica bio-psicosocial mundial.<\/li>\n<\/ul>\n<p><span style=\"color: #ff0000;\"><strong>Abordaje de la problem\u00e1tica del suicidio en los medios: claves para una comunicaci\u00f3n responsable<\/strong><\/span><\/p>\n<p><span style=\"color: #ff0000;\"><strong>Representaciones y Narrativas<\/strong><\/span><\/p>\n<ul>\n<li>Respeto de la identidad y la privacidad del dolor.<\/li>\n<li>Personas diferentes, abordajes y tratamientos singulares.<\/li>\n<li>Confidencialidad de la identidad de la persona.<\/li>\n<li>Descripciones generales sin detallar m\u00e9todos.<\/li>\n<li>Contextualizaci\u00f3n del caso sin generalizaciones ni diagn\u00f3sticos<\/li>\n<li>An\u00e1lisis Integral, Interdisciplinario, y no conjetural.<\/li>\n<li>Evitar hablar de salida\u00bb \u00absoluci\u00f3n a problemas\u00bb, \u00abcometi\u00f3 un suicidio\u00bb.<\/li>\n<li>Problematizar y desarticular la idea de juego\u00bb y \u00abdesaf\u00edo\u00bb asociada a pr\u00e1cticas de riesgo entre ni\u00f1os y j\u00f3venes.<\/li>\n<li>Herramientas de accesibilidad comunicacional &#8211; LSA, CC, AD.<\/li>\n<li>Perspectiva de g\u00e9nero, sin prejuzgar<\/li>\n<\/ul>\n<p><img loading=\"lazy\" decoding=\"async\" class=\"alignnone size-full wp-image-54827\" src=\"https:\/\/vocesparalelas.com.ar\/sitio\/wp-content\/uploads\/2022\/11\/ABORDAJE-PRENSA-01.jpg\" alt=\"\" width=\"800\" height=\"533\" srcset=\"https:\/\/vocesparalelas.com.ar\/sitio\/wp-content\/uploads\/2022\/11\/ABORDAJE-PRENSA-01.jpg 800w, https:\/\/vocesparalelas.com.ar\/sitio\/wp-content\/uploads\/2022\/11\/ABORDAJE-PRENSA-01-300x200.jpg 300w, https:\/\/vocesparalelas.com.ar\/sitio\/wp-content\/uploads\/2022\/11\/ABORDAJE-PRENSA-01-768x512.jpg 768w\" sizes=\"auto, (max-width: 800px) 100vw, 800px\" \/><\/p>\n<p>Publicado el S\u00e1bado, 26 de Noviembre de 2022<\/p>\n<p>&nbsp;<\/p>\n<p>&nbsp;<\/p>\n<p>&nbsp;<\/p>\n","protected":false},"excerpt":{"rendered":"<p>El Ministerio de Salud P\u00fablica, la Subsecretaria de Informaci\u00f3n P\u00fablica, el Programa de Abordaje Integral de la Problem\u00e1tica del Suicidio,<\/p>\n","protected":false},"author":3,"featured_media":54828,"comment_status":"closed","ping_status":"closed","sticky":false,"template":"","format":"video","meta":{"_acf_changed":false,"_seopress_robots_primary_cat":"none","_seopress_titles_title":"","_seopress_titles_desc":"","_seopress_robots_index":"","colormag_page_container_layout":"default_layout","colormag_page_sidebar_layout":"default_layout","footnotes":""},"categories":[10,7],"tags":[],"class_list":["post-54825","post","type-post","status-publish","format-video","has-post-thumbnail","hentry","category-opiniones","category-videos","post_format-post-format-video"],"acf":[],"_links":{"self":[{"href":"https:\/\/vocesparalelas.com.ar\/sitio\/wp-json\/wp\/v2\/posts\/54825","targetHints":{"allow":["GET"]}}],"collection":[{"href":"https:\/\/vocesparalelas.com.ar\/sitio\/wp-json\/wp\/v2\/posts"}],"about":[{"href":"https:\/\/vocesparalelas.com.ar\/sitio\/wp-json\/wp\/v2\/types\/post"}],"author":[{"embeddable":true,"href":"https:\/\/vocesparalelas.com.ar\/sitio\/wp-json\/wp\/v2\/users\/3"}],"replies":[{"embeddable":true,"href":"https:\/\/vocesparalelas.com.ar\/sitio\/wp-json\/wp\/v2\/comments?post=54825"}],"version-history":[{"count":3,"href":"https:\/\/vocesparalelas.com.ar\/sitio\/wp-json\/wp\/v2\/posts\/54825\/revisions"}],"predecessor-version":[{"id":54835,"href":"https:\/\/vocesparalelas.com.ar\/sitio\/wp-json\/wp\/v2\/posts\/54825\/revisions\/54835"}],"wp:featuredmedia":[{"embeddable":true,"href":"https:\/\/vocesparalelas.com.ar\/sitio\/wp-json\/wp\/v2\/media\/54828"}],"wp:attachment":[{"href":"https:\/\/vocesparalelas.com.ar\/sitio\/wp-json\/wp\/v2\/media?parent=54825"}],"wp:term":[{"taxonomy":"category","embeddable":true,"href":"https:\/\/vocesparalelas.com.ar\/sitio\/wp-json\/wp\/v2\/categories?post=54825"},{"taxonomy":"post_tag","embeddable":true,"href":"https:\/\/vocesparalelas.com.ar\/sitio\/wp-json\/wp\/v2\/tags?post=54825"}],"curies":[{"name":"wp","href":"https:\/\/api.w.org\/{rel}","templated":true}]}}