{"id":54818,"date":"2022-11-25T22:21:37","date_gmt":"2022-11-26T01:21:37","guid":{"rendered":"https:\/\/vocesparalelas.com.ar\/sitio\/?p=54818"},"modified":"2022-11-29T00:32:31","modified_gmt":"2022-11-29T03:32:31","slug":"inscripcion-del-nivel-inicial-para-el-ciclo-lectivo-2023-en-san-juan","status":"publish","type":"post","link":"https:\/\/vocesparalelas.com.ar\/sitio\/inscripcion-del-nivel-inicial-para-el-ciclo-lectivo-2023-en-san-juan\/","title":{"rendered":"Inscripci\u00f3n del Nivel Inicial para el Ciclo Lectivo 2023 en San Juan"},"content":{"rendered":"<p>La Direcci\u00f3n de Educaci\u00f3n de Nivel Inicial del Ministerio de Educaci\u00f3n del Gobierno de San Juan informa que la inscripci\u00f3n para el Ciclo Lectivo 2023 establecida en el Calendario Escolar para Sala de Jard\u00edn de Infante de 3 , 4 y 5 a\u00f1os se realizar\u00e1 del 12 a 14 de diciembre.<\/p>\n<p><span style=\"color: #339966;\"><strong>Recordando que:<\/strong><\/span><\/p>\n<ul>\n<li>12\/12: inscripci\u00f3n de hermanos de los estudiantes del Nivel Inicial y personal del establecimiento.<\/li>\n<li>13\/12: inscripci\u00f3n hermanos de los estudiantes de nivel primario, en caso de existir vacantes disponibles.<\/li>\n<li>14\/12: inscripci\u00f3n para el resto de los aspirantes, en caso de existir vacantes disponibles.<\/li>\n<\/ul>\n<p><span style=\"color: #339966;\"><strong>Requisitos inscripci\u00f3n en Diciembre 2022<\/strong><\/span><\/p>\n<ul>\n<li>Fotocopia DNI<\/li>\n<li>Fotocopia del carnet de vacunaci\u00f3n obligatoria.<\/li>\n<\/ul>\n<p>Y hasta el 30\/03\/2023 tienen plazo para presentar y completar documentaci\u00f3n de:<\/p>\n<ul>\n<li>Fotocopia de certificado de salud y bucodental.<\/li>\n<li>Partida de nacimiento (Ciudadano digital)<\/li>\n<\/ul>\n<p>En febrero de 2023 se realizar\u00e1 el proceso de reubicaci\u00f3n de quienes no encontraron vacante o por cambio de domicilio.<\/p>\n<p><img loading=\"lazy\" decoding=\"async\" class=\"alignnone size-full wp-image-28629\" src=\"https:\/\/vocesparalelas.com.ar\/sitio\/wp-content\/uploads\/2020\/05\/MINISTERIO-EDUCACION-SJ.jpg\" alt=\"\" width=\"800\" height=\"533\" srcset=\"https:\/\/vocesparalelas.com.ar\/sitio\/wp-content\/uploads\/2020\/05\/MINISTERIO-EDUCACION-SJ.jpg 800w, https:\/\/vocesparalelas.com.ar\/sitio\/wp-content\/uploads\/2020\/05\/MINISTERIO-EDUCACION-SJ-300x200.jpg 300w, https:\/\/vocesparalelas.com.ar\/sitio\/wp-content\/uploads\/2020\/05\/MINISTERIO-EDUCACION-SJ-768x512.jpg 768w\" sizes=\"auto, (max-width: 800px) 100vw, 800px\" \/><\/p>\n<p>Publicado el Viernes, 25 de Noviembre de 2022<\/p>\n","protected":false},"excerpt":{"rendered":"<p>La Direcci\u00f3n de Educaci\u00f3n de Nivel Inicial del Ministerio de Educaci\u00f3n del Gobierno de San Juan informa que la inscripci\u00f3n<\/p>\n","protected":false},"author":3,"featured_media":16281,"comment_status":"closed","ping_status":"closed","sticky":false,"template":"","format":"standard","meta":{"_acf_changed":false,"_seopress_robots_primary_cat":"none","_seopress_titles_title":"","_seopress_titles_desc":"","_seopress_robots_index":"","colormag_page_container_layout":"default_layout","colormag_page_sidebar_layout":"default_layout","footnotes":""},"categories":[5],"tags":[],"class_list":["post-54818","post","type-post","status-publish","format-standard","has-post-thumbnail","hentry","category-ofrecimientos"],"acf":[],"_links":{"self":[{"href":"https:\/\/vocesparalelas.com.ar\/sitio\/wp-json\/wp\/v2\/posts\/54818","targetHints":{"allow":["GET"]}}],"collection":[{"href":"https:\/\/vocesparalelas.com.ar\/sitio\/wp-json\/wp\/v2\/posts"}],"about":[{"href":"https:\/\/vocesparalelas.com.ar\/sitio\/wp-json\/wp\/v2\/types\/post"}],"author":[{"embeddable":true,"href":"https:\/\/vocesparalelas.com.ar\/sitio\/wp-json\/wp\/v2\/users\/3"}],"replies":[{"embeddable":true,"href":"https:\/\/vocesparalelas.com.ar\/sitio\/wp-json\/wp\/v2\/comments?post=54818"}],"version-history":[{"count":3,"href":"https:\/\/vocesparalelas.com.ar\/sitio\/wp-json\/wp\/v2\/posts\/54818\/revisions"}],"predecessor-version":[{"id":54822,"href":"https:\/\/vocesparalelas.com.ar\/sitio\/wp-json\/wp\/v2\/posts\/54818\/revisions\/54822"}],"wp:featuredmedia":[{"embeddable":true,"href":"https:\/\/vocesparalelas.com.ar\/sitio\/wp-json\/wp\/v2\/media\/16281"}],"wp:attachment":[{"href":"https:\/\/vocesparalelas.com.ar\/sitio\/wp-json\/wp\/v2\/media?parent=54818"}],"wp:term":[{"taxonomy":"category","embeddable":true,"href":"https:\/\/vocesparalelas.com.ar\/sitio\/wp-json\/wp\/v2\/categories?post=54818"},{"taxonomy":"post_tag","embeddable":true,"href":"https:\/\/vocesparalelas.com.ar\/sitio\/wp-json\/wp\/v2\/tags?post=54818"}],"curies":[{"name":"wp","href":"https:\/\/api.w.org\/{rel}","templated":true}]}}