{"id":54806,"date":"2022-11-25T22:52:37","date_gmt":"2022-11-26T01:52:37","guid":{"rendered":"https:\/\/vocesparalelas.com.ar\/sitio\/?p=54806"},"modified":"2022-11-26T00:14:57","modified_gmt":"2022-11-26T03:14:57","slug":"remodelaron-la-plaza-virgen-santa-cecilia-en-rivadavia","status":"publish","type":"post","link":"https:\/\/vocesparalelas.com.ar\/sitio\/remodelaron-la-plaza-virgen-santa-cecilia-en-rivadavia\/","title":{"rendered":"Remodelaron la Plaza Virgen Santa Cecilia en Rivadavia"},"content":{"rendered":"<p>La Municipalidad de Rivadavia sigue trabando y cumpliendo los sue\u00f1os de los vecinos. En esta oportunidad realiz\u00f3 trabajos para embellecer un espacio verde en la Localidad de Marquesado, con la Plaza Virgen Santa Cecilia y como Patrona de la M\u00fasica que se record\u00f3 su d\u00eda el 22 de Noviembre.<\/p>\n<p>Es as\u00ed, que realiz\u00f3 el mejoramiento con veredines, juegos de gym, para ni\u00f1os, \u00e1rboles, plantas, canteros que fueron los vecinos que le dieron color, rampa para discapacitados, iluminaci\u00f3n LED y se mejor\u00f3 la gruta de la Virgen Santa Cecilia, donde se realizan misas.<\/p>\n<p>Por ello, Voces Paralelas, desarroll\u00f3 una entrevista period\u00edstica al Intendente de la Municipalidad de Rivadavia, Dr. Fabi\u00e1n Mart\u00edn, quien dio detalles del logro pedido por los propios vecinos.<\/p>\n<p><iframe loading=\"lazy\" title=\"DR FABI\u00c1N MART\u00cdN\" width=\"800\" height=\"450\" src=\"https:\/\/www.youtube.com\/embed\/CCrZHv0hyCs?start=5&#038;feature=oembed\" frameborder=\"0\" allow=\"accelerometer; autoplay; clipboard-write; encrypted-media; gyroscope; picture-in-picture\" allowfullscreen><\/iframe><\/p>\n<p>El acto comenz\u00f3 con el tradicional corte de cinta con autoridades municipales, vecinos y militares.<\/p>\n<p><img loading=\"lazy\" decoding=\"async\" class=\"alignnone size-full wp-image-54809\" src=\"https:\/\/vocesparalelas.com.ar\/sitio\/wp-content\/uploads\/2022\/11\/PLAZA-SANTA-CECILIA-02.jpg\" alt=\"\" width=\"800\" height=\"533\" srcset=\"https:\/\/vocesparalelas.com.ar\/sitio\/wp-content\/uploads\/2022\/11\/PLAZA-SANTA-CECILIA-02.jpg 800w, https:\/\/vocesparalelas.com.ar\/sitio\/wp-content\/uploads\/2022\/11\/PLAZA-SANTA-CECILIA-02-300x200.jpg 300w, https:\/\/vocesparalelas.com.ar\/sitio\/wp-content\/uploads\/2022\/11\/PLAZA-SANTA-CECILIA-02-768x512.jpg 768w\" sizes=\"auto, (max-width: 800px) 100vw, 800px\" \/><\/p>\n<p>Para ubicarse en un lugar donde pusieron cantar el Himno Nacional Argentino acompa\u00f1ado por la Bnanda de M\u00fasica del RIM 22<\/p>\n<p><iframe loading=\"lazy\" title=\"RIM 22 HIMNO NACIONAL ARGENTINO\" width=\"800\" height=\"450\" src=\"https:\/\/www.youtube.com\/embed\/chMzjErG2Ow?feature=oembed\" frameborder=\"0\" allow=\"accelerometer; autoplay; clipboard-write; encrypted-media; gyroscope; picture-in-picture\" allowfullscreen><\/iframe><\/p>\n<p>Lo que llam\u00f3 la atenci\u00f3n la presencia de una placa recordatoria de la Banda de M\u00fasica del RIM 22, que sufri\u00f3 un accidente de tr\u00e1nsito en el Tambolar, el 23 de Enero de 1986, cuyos integrantes en su mayor\u00eda falleci\u00f3, otros sobrevivieron entre militares y civiles.<\/p>\n<p><img loading=\"lazy\" decoding=\"async\" class=\"wp-image-54813 size-large aligncenter\" src=\"https:\/\/vocesparalelas.com.ar\/sitio\/wp-content\/uploads\/2022\/11\/PLAZA-SANTA-CECILIA-06-1-600x800.jpg\" alt=\"\" width=\"600\" height=\"800\" srcset=\"https:\/\/vocesparalelas.com.ar\/sitio\/wp-content\/uploads\/2022\/11\/PLAZA-SANTA-CECILIA-06-1-600x800.jpg 600w, https:\/\/vocesparalelas.com.ar\/sitio\/wp-content\/uploads\/2022\/11\/PLAZA-SANTA-CECILIA-06-1-225x300.jpg 225w, https:\/\/vocesparalelas.com.ar\/sitio\/wp-content\/uploads\/2022\/11\/PLAZA-SANTA-CECILIA-06-1.jpg 768w\" sizes=\"auto, (max-width: 600px) 100vw, 600px\" \/><\/p>\n<p>A continuaci\u00f3n, el Jefe del RIM 22, Coronel Guillermo Mendoza y el director de la Banda de M\u00fasica recibieron del Intendente de la Municipalidad de Rivadavia, Dr. Fabi\u00e1n Mart\u00edn, una placa recordatoria por ser el D\u00eda de Santa Cecilia, Patrona de la M\u00fasica.<\/p>\n<p><img loading=\"lazy\" decoding=\"async\" class=\"alignnone size-full wp-image-54808\" src=\"https:\/\/vocesparalelas.com.ar\/sitio\/wp-content\/uploads\/2022\/11\/PLAZA-SANTA-CECILIA-06.jpg\" alt=\"\" width=\"800\" height=\"533\" srcset=\"https:\/\/vocesparalelas.com.ar\/sitio\/wp-content\/uploads\/2022\/11\/PLAZA-SANTA-CECILIA-06.jpg 800w, https:\/\/vocesparalelas.com.ar\/sitio\/wp-content\/uploads\/2022\/11\/PLAZA-SANTA-CECILIA-06-300x200.jpg 300w, https:\/\/vocesparalelas.com.ar\/sitio\/wp-content\/uploads\/2022\/11\/PLAZA-SANTA-CECILIA-06-768x512.jpg 768w\" sizes=\"auto, (max-width: 800px) 100vw, 800px\" \/><\/p>\n<p>Espacios verdes que mantienen las platas de la aut\u00f3ctonas de la zona y que embellecen el lugar, con el fondo grandes monta\u00f1as propios del relieve de San Juan.<\/p>\n<p><img loading=\"lazy\" decoding=\"async\" class=\"alignnone size-full wp-image-54811\" src=\"https:\/\/vocesparalelas.com.ar\/sitio\/wp-content\/uploads\/2022\/11\/PLAZA-SANTA-CECILIA-04.jpg\" alt=\"\" width=\"800\" height=\"533\" srcset=\"https:\/\/vocesparalelas.com.ar\/sitio\/wp-content\/uploads\/2022\/11\/PLAZA-SANTA-CECILIA-04.jpg 800w, https:\/\/vocesparalelas.com.ar\/sitio\/wp-content\/uploads\/2022\/11\/PLAZA-SANTA-CECILIA-04-300x200.jpg 300w, https:\/\/vocesparalelas.com.ar\/sitio\/wp-content\/uploads\/2022\/11\/PLAZA-SANTA-CECILIA-04-768x512.jpg 768w\" sizes=\"auto, (max-width: 800px) 100vw, 800px\" \/><\/p>\n<p><img loading=\"lazy\" decoding=\"async\" class=\"alignnone size-full wp-image-54810\" src=\"https:\/\/vocesparalelas.com.ar\/sitio\/wp-content\/uploads\/2022\/11\/PLAZA-SANTA-CECILIA-03.jpg\" alt=\"\" width=\"800\" height=\"533\" srcset=\"https:\/\/vocesparalelas.com.ar\/sitio\/wp-content\/uploads\/2022\/11\/PLAZA-SANTA-CECILIA-03.jpg 800w, https:\/\/vocesparalelas.com.ar\/sitio\/wp-content\/uploads\/2022\/11\/PLAZA-SANTA-CECILIA-03-300x200.jpg 300w, https:\/\/vocesparalelas.com.ar\/sitio\/wp-content\/uploads\/2022\/11\/PLAZA-SANTA-CECILIA-03-768x512.jpg 768w\" sizes=\"auto, (max-width: 800px) 100vw, 800px\" \/><\/p>\n<p>Publicado el Viernes, 25 de Noviembre de 2022<\/p>\n","protected":false},"excerpt":{"rendered":"<p>La Municipalidad de Rivadavia sigue trabando y cumpliendo los sue\u00f1os de los vecinos. En esta oportunidad realiz\u00f3 trabajos para embellecer<\/p>\n","protected":false},"author":3,"featured_media":54812,"comment_status":"closed","ping_status":"closed","sticky":false,"template":"","format":"video","meta":{"_acf_changed":false,"_seopress_robots_primary_cat":"none","_seopress_titles_title":"","_seopress_titles_desc":"","_seopress_robots_index":"","colormag_page_container_layout":"default_layout","colormag_page_sidebar_layout":"default_layout","footnotes":""},"categories":[1,7],"tags":[],"class_list":["post-54806","post","type-post","status-publish","format-video","has-post-thumbnail","hentry","category-destacadas","category-videos","post_format-post-format-video"],"acf":[],"_links":{"self":[{"href":"https:\/\/vocesparalelas.com.ar\/sitio\/wp-json\/wp\/v2\/posts\/54806","targetHints":{"allow":["GET"]}}],"collection":[{"href":"https:\/\/vocesparalelas.com.ar\/sitio\/wp-json\/wp\/v2\/posts"}],"about":[{"href":"https:\/\/vocesparalelas.com.ar\/sitio\/wp-json\/wp\/v2\/types\/post"}],"author":[{"embeddable":true,"href":"https:\/\/vocesparalelas.com.ar\/sitio\/wp-json\/wp\/v2\/users\/3"}],"replies":[{"embeddable":true,"href":"https:\/\/vocesparalelas.com.ar\/sitio\/wp-json\/wp\/v2\/comments?post=54806"}],"version-history":[{"count":2,"href":"https:\/\/vocesparalelas.com.ar\/sitio\/wp-json\/wp\/v2\/posts\/54806\/revisions"}],"predecessor-version":[{"id":54817,"href":"https:\/\/vocesparalelas.com.ar\/sitio\/wp-json\/wp\/v2\/posts\/54806\/revisions\/54817"}],"wp:featuredmedia":[{"embeddable":true,"href":"https:\/\/vocesparalelas.com.ar\/sitio\/wp-json\/wp\/v2\/media\/54812"}],"wp:attachment":[{"href":"https:\/\/vocesparalelas.com.ar\/sitio\/wp-json\/wp\/v2\/media?parent=54806"}],"wp:term":[{"taxonomy":"category","embeddable":true,"href":"https:\/\/vocesparalelas.com.ar\/sitio\/wp-json\/wp\/v2\/categories?post=54806"},{"taxonomy":"post_tag","embeddable":true,"href":"https:\/\/vocesparalelas.com.ar\/sitio\/wp-json\/wp\/v2\/tags?post=54806"}],"curies":[{"name":"wp","href":"https:\/\/api.w.org\/{rel}","templated":true}]}}