{"id":54803,"date":"2022-11-25T22:06:58","date_gmt":"2022-11-26T01:06:58","guid":{"rendered":"https:\/\/vocesparalelas.com.ar\/sitio\/?p=54803"},"modified":"2022-11-29T01:02:43","modified_gmt":"2022-11-29T04:02:43","slug":"campana-nacional-de-vacunacion-sarampion-rubeola-paperas-y-polio-en-san-juan","status":"publish","type":"post","link":"https:\/\/vocesparalelas.com.ar\/sitio\/campana-nacional-de-vacunacion-sarampion-rubeola-paperas-y-polio-en-san-juan\/","title":{"rendered":"Campa\u00f1a Nacional de Vacunaci\u00f3n Sarampi\u00f3n, Rub\u00e9ola, Paperas y Polio en San Juan"},"content":{"rendered":"<p>El Ministerio de Salud P\u00fablica del Gobierno de San Juan informa que se sigue reforzando la Campa\u00f1a Nacional de Vacunaci\u00f3n Sarampi\u00f3n, Rub\u00e9ola, Paperas y Polio para que los padres lleven a sus hijos.<\/p>\n<p><span style=\"color: #ff0000;\">Cronograma<\/span><\/p>\n<ul>\n<li>Departamento Santa Lucia: Lunes a Viernes, de 8:00 a 12:30 hs. Rastrillaje Activo. S\u00e1bado y Domingo, de 18:00 a 22:00 hs, en la Plaza departamental Santa Lucia<\/li>\n<li>Departamento Capital: Dosis Adicional. Lunes a S\u00e1bado, de 17:00 a 21:00 hs Cruce de Peatonales. S\u00e1bado y Domingo, de 17:00 a 21:00 hs Parque de Mayo Lunes a Viernes 8:00 a 12:30hs. Centro C\u00edvico.<\/li>\n<li>Departamento Rivadavia: S\u00e1bado, 26 de Noviembre, de 9:00 a 12:00hs.; Barrio Huazihul y Asentamiento Sagrado Coraz\u00f3n. De 09:00 a 22:00 hs.; Parque Rivadavia<\/li>\n<\/ul>\n<p>Publicado el Viernes, 25 de Noviembre de 2022<\/p>\n","protected":false},"excerpt":{"rendered":"<p>El Ministerio de Salud P\u00fablica del Gobierno de San Juan informa que se sigue reforzando la Campa\u00f1a Nacional de Vacunaci\u00f3n<\/p>\n","protected":false},"author":3,"featured_media":53171,"comment_status":"closed","ping_status":"closed","sticky":false,"template":"","format":"standard","meta":{"_acf_changed":false,"_seopress_robots_primary_cat":"none","_seopress_titles_title":"","_seopress_titles_desc":"","_seopress_robots_index":"","colormag_page_container_layout":"default_layout","colormag_page_sidebar_layout":"default_layout","footnotes":""},"categories":[6],"tags":[],"class_list":["post-54803","post","type-post","status-publish","format-standard","has-post-thumbnail","hentry","category-eventos"],"acf":[],"_links":{"self":[{"href":"https:\/\/vocesparalelas.com.ar\/sitio\/wp-json\/wp\/v2\/posts\/54803","targetHints":{"allow":["GET"]}}],"collection":[{"href":"https:\/\/vocesparalelas.com.ar\/sitio\/wp-json\/wp\/v2\/posts"}],"about":[{"href":"https:\/\/vocesparalelas.com.ar\/sitio\/wp-json\/wp\/v2\/types\/post"}],"author":[{"embeddable":true,"href":"https:\/\/vocesparalelas.com.ar\/sitio\/wp-json\/wp\/v2\/users\/3"}],"replies":[{"embeddable":true,"href":"https:\/\/vocesparalelas.com.ar\/sitio\/wp-json\/wp\/v2\/comments?post=54803"}],"version-history":[{"count":1,"href":"https:\/\/vocesparalelas.com.ar\/sitio\/wp-json\/wp\/v2\/posts\/54803\/revisions"}],"predecessor-version":[{"id":54805,"href":"https:\/\/vocesparalelas.com.ar\/sitio\/wp-json\/wp\/v2\/posts\/54803\/revisions\/54805"}],"wp:featuredmedia":[{"embeddable":true,"href":"https:\/\/vocesparalelas.com.ar\/sitio\/wp-json\/wp\/v2\/media\/53171"}],"wp:attachment":[{"href":"https:\/\/vocesparalelas.com.ar\/sitio\/wp-json\/wp\/v2\/media?parent=54803"}],"wp:term":[{"taxonomy":"category","embeddable":true,"href":"https:\/\/vocesparalelas.com.ar\/sitio\/wp-json\/wp\/v2\/categories?post=54803"},{"taxonomy":"post_tag","embeddable":true,"href":"https:\/\/vocesparalelas.com.ar\/sitio\/wp-json\/wp\/v2\/tags?post=54803"}],"curies":[{"name":"wp","href":"https:\/\/api.w.org\/{rel}","templated":true}]}}