{"id":54799,"date":"2022-11-25T16:04:05","date_gmt":"2022-11-25T19:04:05","guid":{"rendered":"https:\/\/vocesparalelas.com.ar\/sitio\/?p=54799"},"modified":"2022-11-29T01:02:22","modified_gmt":"2022-11-29T04:02:22","slug":"practicas-de-tiro-del-rim-22-de-san-juan","status":"publish","type":"post","link":"https:\/\/vocesparalelas.com.ar\/sitio\/practicas-de-tiro-del-rim-22-de-san-juan\/","title":{"rendered":"Pr\u00e1cticas de tiro del RIM 22 de San Juan"},"content":{"rendered":"<p>El Regimiento de Monta\u00f1a 22 de San Juan, informa a la comunidad que, se realizan ejercicios operacionales con desplazamiento de tropas y ejercicios de tiro con armamento de guerra de grueso calibre, dentro del campo militar \u201cEstancia Manantiales\u201d en la localidad de Barreal, Departamento Calingasta, el Lunes, 28 y el Martes, 29 de Noviembre, de 07:00 a 20:00 hs.<\/p>\n<p>Por ello, se solicita a la comunidad como as\u00ed tambi\u00e9n, a los deportistas de San Juan, no circular en el espacio de pr\u00e1cticas para prevenir accidentes.<\/p>\n<p><img loading=\"lazy\" decoding=\"async\" class=\"alignnone size-full wp-image-49909\" src=\"https:\/\/vocesparalelas.com.ar\/sitio\/wp-content\/uploads\/2022\/06\/RIM-MALVINAS-06.jpg\" alt=\"\" width=\"800\" height=\"360\" srcset=\"https:\/\/vocesparalelas.com.ar\/sitio\/wp-content\/uploads\/2022\/06\/RIM-MALVINAS-06.jpg 800w, https:\/\/vocesparalelas.com.ar\/sitio\/wp-content\/uploads\/2022\/06\/RIM-MALVINAS-06-300x135.jpg 300w, https:\/\/vocesparalelas.com.ar\/sitio\/wp-content\/uploads\/2022\/06\/RIM-MALVINAS-06-768x346.jpg 768w\" sizes=\"auto, (max-width: 800px) 100vw, 800px\" \/><\/p>\n<p>Publicado el Viernes, 25 de Noviembre de 2022<\/p>\n","protected":false},"excerpt":{"rendered":"<p>El Regimiento de Monta\u00f1a 22 de San Juan, informa a la comunidad que, se realizan ejercicios operacionales con desplazamiento de<\/p>\n","protected":false},"author":3,"featured_media":54801,"comment_status":"closed","ping_status":"closed","sticky":false,"template":"","format":"standard","meta":{"_acf_changed":false,"_seopress_robots_primary_cat":"none","_seopress_titles_title":"","_seopress_titles_desc":"","_seopress_robots_index":"","colormag_page_container_layout":"default_layout","colormag_page_sidebar_layout":"default_layout","footnotes":""},"categories":[6],"tags":[],"class_list":["post-54799","post","type-post","status-publish","format-standard","has-post-thumbnail","hentry","category-eventos"],"acf":[],"_links":{"self":[{"href":"https:\/\/vocesparalelas.com.ar\/sitio\/wp-json\/wp\/v2\/posts\/54799","targetHints":{"allow":["GET"]}}],"collection":[{"href":"https:\/\/vocesparalelas.com.ar\/sitio\/wp-json\/wp\/v2\/posts"}],"about":[{"href":"https:\/\/vocesparalelas.com.ar\/sitio\/wp-json\/wp\/v2\/types\/post"}],"author":[{"embeddable":true,"href":"https:\/\/vocesparalelas.com.ar\/sitio\/wp-json\/wp\/v2\/users\/3"}],"replies":[{"embeddable":true,"href":"https:\/\/vocesparalelas.com.ar\/sitio\/wp-json\/wp\/v2\/comments?post=54799"}],"version-history":[{"count":1,"href":"https:\/\/vocesparalelas.com.ar\/sitio\/wp-json\/wp\/v2\/posts\/54799\/revisions"}],"predecessor-version":[{"id":54802,"href":"https:\/\/vocesparalelas.com.ar\/sitio\/wp-json\/wp\/v2\/posts\/54799\/revisions\/54802"}],"wp:featuredmedia":[{"embeddable":true,"href":"https:\/\/vocesparalelas.com.ar\/sitio\/wp-json\/wp\/v2\/media\/54801"}],"wp:attachment":[{"href":"https:\/\/vocesparalelas.com.ar\/sitio\/wp-json\/wp\/v2\/media?parent=54799"}],"wp:term":[{"taxonomy":"category","embeddable":true,"href":"https:\/\/vocesparalelas.com.ar\/sitio\/wp-json\/wp\/v2\/categories?post=54799"},{"taxonomy":"post_tag","embeddable":true,"href":"https:\/\/vocesparalelas.com.ar\/sitio\/wp-json\/wp\/v2\/tags?post=54799"}],"curies":[{"name":"wp","href":"https:\/\/api.w.org\/{rel}","templated":true}]}}