{"id":54735,"date":"2022-11-23T22:51:15","date_gmt":"2022-11-24T01:51:15","guid":{"rendered":"https:\/\/vocesparalelas.com.ar\/sitio\/?p=54735"},"modified":"2022-11-26T19:05:27","modified_gmt":"2022-11-26T22:05:27","slug":"encuentro-regional-de-abordaje-integral-de-la-problematica-del-suicido-en-san-juan","status":"publish","type":"post","link":"https:\/\/vocesparalelas.com.ar\/sitio\/encuentro-regional-de-abordaje-integral-de-la-problematica-del-suicido-en-san-juan\/","title":{"rendered":"\u201cEncuentro Regional de Abordaje Integral de la Problem\u00e1tica del Suicido\u201d en San Juan"},"content":{"rendered":"<div class=\"itemFullText\">\n<p>Con presencia de autoridades nacionales y provinciales, la provincia de San Juan es sede del \u201cEncuentro Regional de Abordaje Integral de la Problem\u00e1tica del Suicido\u201d, actividad que forma parte de Ciclo de Encuentro Regionales y de la Estrategia Federal de Abordaje Integral de Salud Mental.<\/p>\n<p>En representaci\u00f3n de la cartera sanitaria, asistieron la ministro de Salud P\u00fablica del Gobierno de San Juan, Dra. Alejandra Venerando junto con el resto del equipo t\u00e9cnico, quienes estuvieron acompa\u00f1ados por la directora Nacional de Abordaje Integral de Salud Mental y Consumos Problem\u00e1ticos, Dra. Mariana Moreno; y la coordinadora del Programa de Abordaje Integral de la Problem\u00e1tica del Suicido, Dra. B\u00e1rbara Alter<\/p>\n<p>Dicho encuentro, tiene como objetivo continuar articulando estrategias vinculadas a la prevenci\u00f3n, el acompa\u00f1amiento y la posvenci\u00f3n de las situaciones de suicidio y autolesiones.<\/p>\n<p>Asimismo, cabe destacar que San Juan cuenta con una mesa Intersectorial y un Protocolo de prevenci\u00f3n y abordaje de la mencionada problem\u00e1tica.<\/p>\n<p>Por ello, Voces Paralelas desarroll\u00f3 una entrevista Period\u00edstica a la Jefa Divisi\u00f3n Psicolog\u00eda, Ministerio de Salud P\u00fablica del Gobierno de San Juan, Lic. Cecilia Turiz, quien destac\u00f3 la necesidad de la prevenci\u00f3n del suicidio.<\/p>\n<p><iframe loading=\"lazy\" title=\"SALUD SAN JUAN LIC CECILIA TURIZ\" width=\"800\" height=\"450\" src=\"https:\/\/www.youtube.com\/embed\/4l-fkqoespc?feature=oembed\" frameborder=\"0\" allow=\"accelerometer; autoplay; clipboard-write; encrypted-media; gyroscope; picture-in-picture\" allowfullscreen><\/iframe><\/p>\n<p>Luego a la Ministro de Salud P\u00fablica del Gobierno de San Juan, Dra. Alejandra Venerando y a la Directora Nacional de Abordaje Integral de Salud Mental y Consumos Problem\u00e1ticos del Ministerio de Salud de la Naci\u00f3n, Dra. Mariana Moreno, quienes destacaron la importancia del Encuentro Regional de Abordaje Integral de la Problem\u00e1tica del Suicido, que se desarrolla en la provincia de San Juan.<\/p>\n<p><iframe loading=\"lazy\" title=\"SALUD SAN JUAN DRA ALEJANDRA VENERANDO - DRA MARIANA MORENO\" width=\"800\" height=\"450\" src=\"https:\/\/www.youtube.com\/embed\/76m4Ofi1rlw?feature=oembed\" frameborder=\"0\" allow=\"accelerometer; autoplay; clipboard-write; encrypted-media; gyroscope; picture-in-picture\" allowfullscreen><\/iframe><\/p>\n<p>&nbsp;<\/p>\n<p>Estos encuentros son muy importante poder abordar la problem\u00e1tica del suicidio teniendo en cuenta el punto de vista de los profesionales pertenecientes a otras provincias. Todos tienen un rol y es fundamental en la salud mental para poder trabajar juntos en pos de mejorar y garantizar el acceso de las comunidades.<\/p>\n<p>Se debe apuntar a pol\u00edticas p\u00fablicas para compartir las experiencias de trabajo de cada provincia fortaleciendo la mirada comunitaria con una perspectiva federal para lograr la transformaci\u00f3n de la salud mental de la poblaci\u00f3n que as\u00ed lo requiera.<\/p>\n<\/div>\n<div class=\"itemContentFooter\"><span class=\"itemDateModified\">Publicado el Mi\u00e9rcoles, 23 de Noviembre de 2022<\/span><\/div>\n","protected":false},"excerpt":{"rendered":"<p>Con presencia de autoridades nacionales y provinciales, la provincia de San Juan es sede del \u201cEncuentro Regional de Abordaje Integral<\/p>\n","protected":false},"author":3,"featured_media":54737,"comment_status":"closed","ping_status":"closed","sticky":false,"template":"","format":"video","meta":{"_acf_changed":false,"_seopress_robots_primary_cat":"none","_seopress_titles_title":"","_seopress_titles_desc":"","_seopress_robots_index":"","colormag_page_container_layout":"default_layout","colormag_page_sidebar_layout":"default_layout","footnotes":""},"categories":[10,7],"tags":[],"class_list":["post-54735","post","type-post","status-publish","format-video","has-post-thumbnail","hentry","category-opiniones","category-videos","post_format-post-format-video"],"acf":[],"_links":{"self":[{"href":"https:\/\/vocesparalelas.com.ar\/sitio\/wp-json\/wp\/v2\/posts\/54735","targetHints":{"allow":["GET"]}}],"collection":[{"href":"https:\/\/vocesparalelas.com.ar\/sitio\/wp-json\/wp\/v2\/posts"}],"about":[{"href":"https:\/\/vocesparalelas.com.ar\/sitio\/wp-json\/wp\/v2\/types\/post"}],"author":[{"embeddable":true,"href":"https:\/\/vocesparalelas.com.ar\/sitio\/wp-json\/wp\/v2\/users\/3"}],"replies":[{"embeddable":true,"href":"https:\/\/vocesparalelas.com.ar\/sitio\/wp-json\/wp\/v2\/comments?post=54735"}],"version-history":[{"count":1,"href":"https:\/\/vocesparalelas.com.ar\/sitio\/wp-json\/wp\/v2\/posts\/54735\/revisions"}],"predecessor-version":[{"id":54738,"href":"https:\/\/vocesparalelas.com.ar\/sitio\/wp-json\/wp\/v2\/posts\/54735\/revisions\/54738"}],"wp:featuredmedia":[{"embeddable":true,"href":"https:\/\/vocesparalelas.com.ar\/sitio\/wp-json\/wp\/v2\/media\/54737"}],"wp:attachment":[{"href":"https:\/\/vocesparalelas.com.ar\/sitio\/wp-json\/wp\/v2\/media?parent=54735"}],"wp:term":[{"taxonomy":"category","embeddable":true,"href":"https:\/\/vocesparalelas.com.ar\/sitio\/wp-json\/wp\/v2\/categories?post=54735"},{"taxonomy":"post_tag","embeddable":true,"href":"https:\/\/vocesparalelas.com.ar\/sitio\/wp-json\/wp\/v2\/tags?post=54735"}],"curies":[{"name":"wp","href":"https:\/\/api.w.org\/{rel}","templated":true}]}}