{"id":54731,"date":"2022-11-23T23:31:34","date_gmt":"2022-11-24T02:31:34","guid":{"rendered":"https:\/\/vocesparalelas.com.ar\/sitio\/?p=54731"},"modified":"2022-11-26T00:28:49","modified_gmt":"2022-11-26T03:28:49","slug":"colonias-de-verano-2023-disfrutamos-sanamente-en-san-juan","status":"publish","type":"post","link":"https:\/\/vocesparalelas.com.ar\/sitio\/colonias-de-verano-2023-disfrutamos-sanamente-en-san-juan\/","title":{"rendered":"Colonias de Verano 2023 \u201cDisfrutamos SanaMente\u201d en San Juan"},"content":{"rendered":"<p>Se acerca la temporada de verano y comienza a palpitarse las Colonias albergando a miles de ni\u00f1os, ni\u00f1as y adolescentes, personas mayores y personas con discapacidad de la provincia de San Juan.<\/p>\n<p>Por este motivo, el Ministerio de Desarrollo Humano y Promoci\u00f3n Social, realiz\u00f3 el lanzamiento de la mencionada actividad dependiente de la Subsecretar\u00eda de Articulaci\u00f3n y Abordaje Territorial y coordinada por la Direcci\u00f3n de Pol\u00edticas Alimentarias. Cabe destacar, que este a\u00f1o contar\u00e1 con la particularidad de estar enfocada en la prevenci\u00f3n y promoci\u00f3n de la salud mental, priorizando el bienestar de cada destinario.<\/p>\n<p>En este marco, y en un trabajo articulado con el Ministerio de Salud P\u00fablica, el Estado busca promover la difusi\u00f3n e incorporaci\u00f3n de habilidades sociales, art\u00edsticas y deportivas, y dem\u00e1s h\u00e1bitos saludables como factores protectores de la salud de la comunidad, a partir de actividades recreativas, l\u00fadicas y did\u00e1cticas.<\/p>\n<p>Alrededor de 25.000 personas de toda la provincia podr\u00e1n disfrutar de estos espacios distribuidos en 90 centros en cada uno de los 19 departamentos, cuya fecha de inicio est\u00e1 prevista para el d\u00eda 03 de enero de 2023. En este sentido, quienes quieran participar deber\u00e1n inscribirse a partir del lunes 28 de noviembre y hasta el 5 de diciembre inclusive, en los horarios y lugares que cada municipio determine, siendo ellos los encargados de llevar adelante esta acci\u00f3n.<\/p>\n<p><img loading=\"lazy\" decoding=\"async\" class=\"alignnone size-full wp-image-54733\" src=\"https:\/\/vocesparalelas.com.ar\/sitio\/wp-content\/uploads\/2022\/11\/COLONIAS-01.jpg\" alt=\"\" width=\"800\" height=\"530\" srcset=\"https:\/\/vocesparalelas.com.ar\/sitio\/wp-content\/uploads\/2022\/11\/COLONIAS-01.jpg 800w, https:\/\/vocesparalelas.com.ar\/sitio\/wp-content\/uploads\/2022\/11\/COLONIAS-01-300x199.jpg 300w, https:\/\/vocesparalelas.com.ar\/sitio\/wp-content\/uploads\/2022\/11\/COLONIAS-01-768x509.jpg 768w\" sizes=\"auto, (max-width: 800px) 100vw, 800px\" \/><\/p>\n<p>Al respecto, el ministro de Desarrollo Humano y Promoci\u00f3n Social, Fabian Aballay, expres\u00f3 que \u201ces un objetivo muy importante porque es un evento convocante, de contenci\u00f3n e inclusi\u00f3n en nuestra provincia e involucra a diferentes \u00e1reas del Estado. Van a trabajar cerca de 2.500 personas con el claro fin del desarrollo de tareas educativas, culturales y recreativas. Adem\u00e1s, este a\u00f1o abordaremos la tem\u00e1tica de salud mental, entendiendo la importancia de esta interacci\u00f3n con cada participante\u201d.<\/p>\n<div class=\"itemFullText\">\n<p>Por su parte, la ministro de Salud P\u00fablica, Dra. Alejandra Venerando agreg\u00f3 que \u201cdesde el \u00e1mbito de la salud brindaremos acompa\u00f1amiento a cada participante durante este mes, pero que forma parte de un abordaje integral que realizamos con ni\u00f1os y ni\u00f1as durante todo el a\u00f1o. Ser\u00e1n m\u00e1s de 300 profesionales que formar\u00e1n parte trabajando sobre diferentes tem\u00e1ticas que involucren a la salud, con prevenci\u00f3n, promoci\u00f3n, atenci\u00f3n primeria, psicolog\u00eda, involucrando a los Centros de Salud de cada departamento\u201d.<\/p>\n<p>Por \u00faltimo, el director de Pol\u00edticas Alimentarias, Horacio Pelaitay, coment\u00f3 que \u201cesta es una acci\u00f3n p\u00fablica federal, porque involucra a todos los departamentos de la provincia, con diferentes predios adaptados para que 25.000 ni\u00f1os, ni\u00f1as, adultos mayores y personas con discapacidad puedan disfrutar de actividades recreativas, educativas y culturales\u201d.<\/p>\n<\/div>\n<div class=\"clr\"><\/div>\n<div class=\"itemContentFooter\"><span class=\"itemDateModified\">Publicado el Mi\u00e9rcoles, 23 de Noviembre de 2022<\/span><\/div>\n","protected":false},"excerpt":{"rendered":"<p>Se acerca la temporada de verano y comienza a palpitarse las Colonias albergando a miles de ni\u00f1os, ni\u00f1as y adolescentes,<\/p>\n","protected":false},"author":3,"featured_media":26271,"comment_status":"closed","ping_status":"closed","sticky":false,"template":"","format":"standard","meta":{"_acf_changed":false,"_seopress_robots_primary_cat":"none","_seopress_titles_title":"","_seopress_titles_desc":"","_seopress_robots_index":"","colormag_page_container_layout":"default_layout","colormag_page_sidebar_layout":"default_layout","footnotes":""},"categories":[6],"tags":[],"class_list":["post-54731","post","type-post","status-publish","format-standard","has-post-thumbnail","hentry","category-eventos"],"acf":[],"_links":{"self":[{"href":"https:\/\/vocesparalelas.com.ar\/sitio\/wp-json\/wp\/v2\/posts\/54731","targetHints":{"allow":["GET"]}}],"collection":[{"href":"https:\/\/vocesparalelas.com.ar\/sitio\/wp-json\/wp\/v2\/posts"}],"about":[{"href":"https:\/\/vocesparalelas.com.ar\/sitio\/wp-json\/wp\/v2\/types\/post"}],"author":[{"embeddable":true,"href":"https:\/\/vocesparalelas.com.ar\/sitio\/wp-json\/wp\/v2\/users\/3"}],"replies":[{"embeddable":true,"href":"https:\/\/vocesparalelas.com.ar\/sitio\/wp-json\/wp\/v2\/comments?post=54731"}],"version-history":[{"count":1,"href":"https:\/\/vocesparalelas.com.ar\/sitio\/wp-json\/wp\/v2\/posts\/54731\/revisions"}],"predecessor-version":[{"id":54734,"href":"https:\/\/vocesparalelas.com.ar\/sitio\/wp-json\/wp\/v2\/posts\/54731\/revisions\/54734"}],"wp:featuredmedia":[{"embeddable":true,"href":"https:\/\/vocesparalelas.com.ar\/sitio\/wp-json\/wp\/v2\/media\/26271"}],"wp:attachment":[{"href":"https:\/\/vocesparalelas.com.ar\/sitio\/wp-json\/wp\/v2\/media?parent=54731"}],"wp:term":[{"taxonomy":"category","embeddable":true,"href":"https:\/\/vocesparalelas.com.ar\/sitio\/wp-json\/wp\/v2\/categories?post=54731"},{"taxonomy":"post_tag","embeddable":true,"href":"https:\/\/vocesparalelas.com.ar\/sitio\/wp-json\/wp\/v2\/tags?post=54731"}],"curies":[{"name":"wp","href":"https:\/\/api.w.org\/{rel}","templated":true}]}}