{"id":54330,"date":"2022-11-11T21:39:23","date_gmt":"2022-11-12T00:39:23","guid":{"rendered":"https:\/\/vocesparalelas.com.ar\/sitio\/?p=54330"},"modified":"2022-11-12T22:34:35","modified_gmt":"2022-11-13T01:34:35","slug":"justificacion-de-la-la-importancia-que-tiene-la-antena-de-radio-colon-en-san-juan","status":"publish","type":"post","link":"https:\/\/vocesparalelas.com.ar\/sitio\/justificacion-de-la-la-importancia-que-tiene-la-antena-de-radio-colon-en-san-juan\/","title":{"rendered":"Justificaci\u00f3n de la la importancia que tiene la Antena de Radio Col\u00f3n en San Juan"},"content":{"rendered":"<p>La Asociaci\u00f3n Civil para la Conservaci\u00f3n y Defensa del Patrimonio Sanjuanino &#8211; ACCODEPAS- pudo hacer comprender\u00a0 en la Audiencia P\u00fablica de la Ciudad Judicial de San Juan de la importancia que tiene la Antena de Radio Col\u00f3n, emplazada en el predio.<\/p>\n<p>Se buscar\u00e1 un lugar especial en la Ciudad Judicial para erigir un monumento hist\u00f3rico. Se tuvo en cuenta la propuesta presentada en la audiencia p\u00fablica por el Presidente de ACCODEPAS Arq. Jorge Cocinero Raed, para recordar el s\u00edmbolo de la radiofon\u00eda que estuvo ubicado en ese lugar.<\/p>\n<figure id=\"attachment_54333\" aria-describedby=\"caption-attachment-54333\" style=\"width: 800px\" class=\"wp-caption alignnone\"><img loading=\"lazy\" decoding=\"async\" class=\"size-full wp-image-54333\" src=\"https:\/\/vocesparalelas.com.ar\/sitio\/wp-content\/uploads\/2022\/11\/ARQ.-JORGE-COCINERO02.jpg\" alt=\"\" width=\"800\" height=\"445\" srcset=\"https:\/\/vocesparalelas.com.ar\/sitio\/wp-content\/uploads\/2022\/11\/ARQ.-JORGE-COCINERO02.jpg 800w, https:\/\/vocesparalelas.com.ar\/sitio\/wp-content\/uploads\/2022\/11\/ARQ.-JORGE-COCINERO02-300x167.jpg 300w, https:\/\/vocesparalelas.com.ar\/sitio\/wp-content\/uploads\/2022\/11\/ARQ.-JORGE-COCINERO02-768x427.jpg 768w\" sizes=\"auto, (max-width: 800px) 100vw, 800px\" \/><figcaption id=\"caption-attachment-54333\" class=\"wp-caption-text\">Presidente de ACCODEPAS de San Juan Arq. Jorge Cocinero Raed<\/figcaption><\/figure>\n<p>La Ciudad Judicial ubicada sobre Scalabrini Ortiz y Coll, Departamento Capital, produjo expectativas y pol\u00e9micas.<\/p>\n<p>En el lugar se emplaza uno de los hitos m\u00e1s simb\u00f3licos de la radiofon\u00eda de San Juan. La antena lleva m\u00e1s de 70 a\u00f1os erigida y es parte de la memoria colectiva de la historia San Juan.<\/p>\n<p>Se dispondr\u00e1 de un lugar especial en el terreno para lograr simbolizar este monumento hist\u00f3rico que afiance el recuerdo de la radiofon\u00eda siendo un sitio distintivo.<\/p>\n<p><img loading=\"lazy\" decoding=\"async\" class=\"alignnone size-large wp-image-1815\" src=\"https:\/\/vocesparalelas.com.ar\/sitio\/wp-content\/uploads\/2017\/06\/SAN-JUAN-CIUDAD-01-7-800x531.jpg\" alt=\"\" width=\"800\" height=\"531\" srcset=\"https:\/\/vocesparalelas.com.ar\/sitio\/wp-content\/uploads\/2017\/06\/SAN-JUAN-CIUDAD-01-7.jpg 800w, https:\/\/vocesparalelas.com.ar\/sitio\/wp-content\/uploads\/2017\/06\/SAN-JUAN-CIUDAD-01-7-300x199.jpg 300w, https:\/\/vocesparalelas.com.ar\/sitio\/wp-content\/uploads\/2017\/06\/SAN-JUAN-CIUDAD-01-7-768x510.jpg 768w\" sizes=\"auto, (max-width: 800px) 100vw, 800px\" \/><\/p>\n<p>Publicado el Viernes, 11 de Noviembre de 2022<\/p>\n","protected":false},"excerpt":{"rendered":"<p>La Asociaci\u00f3n Civil para la Conservaci\u00f3n y Defensa del Patrimonio Sanjuanino &#8211; ACCODEPAS- pudo hacer comprender\u00a0 en la Audiencia P\u00fablica<\/p>\n","protected":false},"author":3,"featured_media":54332,"comment_status":"closed","ping_status":"closed","sticky":false,"template":"","format":"standard","meta":{"_acf_changed":false,"_seopress_robots_primary_cat":"none","_seopress_titles_title":"","_seopress_titles_desc":"","_seopress_robots_index":"","colormag_page_container_layout":"default_layout","colormag_page_sidebar_layout":"default_layout","footnotes":""},"categories":[10],"tags":[],"class_list":["post-54330","post","type-post","status-publish","format-standard","has-post-thumbnail","hentry","category-opiniones"],"acf":[],"_links":{"self":[{"href":"https:\/\/vocesparalelas.com.ar\/sitio\/wp-json\/wp\/v2\/posts\/54330","targetHints":{"allow":["GET"]}}],"collection":[{"href":"https:\/\/vocesparalelas.com.ar\/sitio\/wp-json\/wp\/v2\/posts"}],"about":[{"href":"https:\/\/vocesparalelas.com.ar\/sitio\/wp-json\/wp\/v2\/types\/post"}],"author":[{"embeddable":true,"href":"https:\/\/vocesparalelas.com.ar\/sitio\/wp-json\/wp\/v2\/users\/3"}],"replies":[{"embeddable":true,"href":"https:\/\/vocesparalelas.com.ar\/sitio\/wp-json\/wp\/v2\/comments?post=54330"}],"version-history":[{"count":1,"href":"https:\/\/vocesparalelas.com.ar\/sitio\/wp-json\/wp\/v2\/posts\/54330\/revisions"}],"predecessor-version":[{"id":54334,"href":"https:\/\/vocesparalelas.com.ar\/sitio\/wp-json\/wp\/v2\/posts\/54330\/revisions\/54334"}],"wp:featuredmedia":[{"embeddable":true,"href":"https:\/\/vocesparalelas.com.ar\/sitio\/wp-json\/wp\/v2\/media\/54332"}],"wp:attachment":[{"href":"https:\/\/vocesparalelas.com.ar\/sitio\/wp-json\/wp\/v2\/media?parent=54330"}],"wp:term":[{"taxonomy":"category","embeddable":true,"href":"https:\/\/vocesparalelas.com.ar\/sitio\/wp-json\/wp\/v2\/categories?post=54330"},{"taxonomy":"post_tag","embeddable":true,"href":"https:\/\/vocesparalelas.com.ar\/sitio\/wp-json\/wp\/v2\/tags?post=54330"}],"curies":[{"name":"wp","href":"https:\/\/api.w.org\/{rel}","templated":true}]}}