{"id":54308,"date":"2022-11-10T23:28:06","date_gmt":"2022-11-11T02:28:06","guid":{"rendered":"https:\/\/vocesparalelas.com.ar\/sitio\/?p=54308"},"modified":"2022-11-13T14:05:35","modified_gmt":"2022-11-13T17:05:35","slug":"convocatoria-para-el-programa-fomento-a-la-edicion-2022-de-san-juan","status":"publish","type":"post","link":"https:\/\/vocesparalelas.com.ar\/sitio\/convocatoria-para-el-programa-fomento-a-la-edicion-2022-de-san-juan\/","title":{"rendered":"Convocatoria para el programa Fomento a la Edici\u00f3n 2022 de San Juan"},"content":{"rendered":"<div class=\"itemBody\">\n<div class=\"itemFullText\">\n<p>El Ministerio de Turismo y Cultura del Gobierno de San Juan lanza, este 7 de noviembre, el programa Fomento a la Edici\u00f3n 2022 una herramienta que brinda ayuda econ\u00f3mica extraordinaria para el desarrollo y sostenibilidad de la actividad editorial del \u00e1mbito cultural en la provincia de San Juan.<\/p>\n<p>Este beneficio permitir\u00e1 fortalecer el sector editorial local y a autores sanjuaninos con obras in\u00e9ditas. Para el presente programa, el Estado Provincial destinara\u0301 la suma total de 1 mill\u00f3n de pesos integrado en un monto de hasta 200 mil pesos para la publicaci\u00f3n de un libro escrito en lengua espa\u00f1ola, de signos, sistema Braille \u201cGrado 1\u201d.<\/p>\n<p>Las obras podr\u00e1n ser de pensamiento en disciplinas human\u00edsticas o cient\u00edficas; literarias de los distintos g\u00e9neros (ensayo, poes\u00eda, narrativa, dramaturgia); ilustradas y c\u00f3mics; para el p\u00fablico infantil y juvenil.<\/p>\n<p>El comit\u00e9 evaluador estar\u00e1 integrado por tres personalidades de reconocida trayectoria y experiencia en el \u00e1mbito editorial y literario. Entre los criterios que tendr\u00e1n para la selecci\u00f3n ser\u00e1 la viabilidad, calidad e impacto del proyecto.<\/p>\n<p>Cabe aclarar que cada editorial deber\u00e1 ofrecer un solo proyecto por autor, adem\u00e1s el mismo autor no podr\u00e1 presentar su obra en forma simult\u00e1nea a trav\u00e9s de dos o m\u00e1s editoriales.<\/p>\n<p>Las inscripciones para el programa Fomento a la Edici\u00f3n inician este 7 de noviembre. Los interesados. pueden enviar sus propuestas a\u00a0<span id=\"cloak3887d5fc17dea6b468520325714b4c70\"><a href=\"mailto:coordinacionculturalsj@gmail.com\">coordinacionculturalsj@gmail.com<\/a><\/span>\u00a0o consultar al 4306648.<\/p>\n<\/div>\n<div class=\"clr\"><\/div>\n<div class=\"itemContentFooter\">\n<p><span class=\"itemDateModified\">Publicado el Jueves, 10 de Noviembre de 2022<\/span><\/p>\n<div class=\"clr\"><\/div>\n<\/div>\n<div class=\"clr\"><\/div>\n<\/div>\n<div class=\"itemSocialSharing\"><\/div>\n","protected":false},"excerpt":{"rendered":"<p>El Ministerio de Turismo y Cultura del Gobierno de San Juan lanza, este 7 de noviembre, el programa Fomento a<\/p>\n","protected":false},"author":3,"featured_media":54310,"comment_status":"closed","ping_status":"closed","sticky":false,"template":"","format":"standard","meta":{"_acf_changed":false,"_seopress_robots_primary_cat":"none","_seopress_titles_title":"","_seopress_titles_desc":"","_seopress_robots_index":"","colormag_page_container_layout":"default_layout","colormag_page_sidebar_layout":"default_layout","footnotes":""},"categories":[8],"tags":[],"class_list":["post-54308","post","type-post","status-publish","format-standard","has-post-thumbnail","hentry","category-concursos"],"acf":[],"_links":{"self":[{"href":"https:\/\/vocesparalelas.com.ar\/sitio\/wp-json\/wp\/v2\/posts\/54308","targetHints":{"allow":["GET"]}}],"collection":[{"href":"https:\/\/vocesparalelas.com.ar\/sitio\/wp-json\/wp\/v2\/posts"}],"about":[{"href":"https:\/\/vocesparalelas.com.ar\/sitio\/wp-json\/wp\/v2\/types\/post"}],"author":[{"embeddable":true,"href":"https:\/\/vocesparalelas.com.ar\/sitio\/wp-json\/wp\/v2\/users\/3"}],"replies":[{"embeddable":true,"href":"https:\/\/vocesparalelas.com.ar\/sitio\/wp-json\/wp\/v2\/comments?post=54308"}],"version-history":[{"count":2,"href":"https:\/\/vocesparalelas.com.ar\/sitio\/wp-json\/wp\/v2\/posts\/54308\/revisions"}],"predecessor-version":[{"id":54411,"href":"https:\/\/vocesparalelas.com.ar\/sitio\/wp-json\/wp\/v2\/posts\/54308\/revisions\/54411"}],"wp:featuredmedia":[{"embeddable":true,"href":"https:\/\/vocesparalelas.com.ar\/sitio\/wp-json\/wp\/v2\/media\/54310"}],"wp:attachment":[{"href":"https:\/\/vocesparalelas.com.ar\/sitio\/wp-json\/wp\/v2\/media?parent=54308"}],"wp:term":[{"taxonomy":"category","embeddable":true,"href":"https:\/\/vocesparalelas.com.ar\/sitio\/wp-json\/wp\/v2\/categories?post=54308"},{"taxonomy":"post_tag","embeddable":true,"href":"https:\/\/vocesparalelas.com.ar\/sitio\/wp-json\/wp\/v2\/tags?post=54308"}],"curies":[{"name":"wp","href":"https:\/\/api.w.org\/{rel}","templated":true}]}}