{"id":54280,"date":"2022-11-09T20:40:03","date_gmt":"2022-11-09T23:40:03","guid":{"rendered":"https:\/\/vocesparalelas.com.ar\/sitio\/?p=54280"},"modified":"2023-10-20T21:34:44","modified_gmt":"2023-10-21T00:34:44","slug":"consejeros-regionales-de-chile-en-san-juan","status":"publish","type":"post","link":"https:\/\/vocesparalelas.com.ar\/sitio\/consejeros-regionales-de-chile-en-san-juan\/","title":{"rendered":"Consejeros regionales de Chile en San Juan"},"content":{"rendered":"<p>El vicegobernador de San Juan, CPN Roberto Gattoni, recibi\u00f3 la visita de consejeros regionales de Coquimbo, Rep\u00fablica de Chile, para dialogar sobre temas en com\u00fan con la regi\u00f3n trasandina.<\/p>\n<p>La reuni\u00f3n tuvo lugar en la Casa de Gobierno y fue acompa\u00f1ado por los ministros de Gobierno, Dr. Alberto Hensel y de Obras y Servicios P\u00fablicos, Ing. Julio Ortiz Andino; los diputados provinciales Marcela Monti, Juan Carlos Abarca, Fernanda Paredes, Mauro Marinero y Enrique Monta\u00f1o.<\/p>\n<p>Con respecto a los representantes de Coquimbo participaron Wladimir Pleticosic, Marcelo Castagnetto, Tatiana Castillo y Darwin Ibacache.<\/p>\n<p>Para referirse al motivo del encuentro, Pleticosic, presidente de la Comisi\u00f3n de Di\u00e1logo Pol\u00edtico, explic\u00f3 que est\u00e1n en San Juan para participar de distintas reuniones, entre ellas esta con el vicegobernador, para dialogar sobre \u00ablas veranadas, la apertura del Paso de Agua Negra y tambi\u00e9n la oportunidad de promover nuestra regi\u00f3n en San Juan para la temporada estival que se avecina\u201d.<\/p>\n<div class=\"itemFullText\">\n<p>Adem\u00e1s, Plaistosic se refiri\u00f3 a otros aspectos de la vida de su regi\u00f3n en estos momentos: \u201cTenemos un problema importante en t\u00e9rminos de recesi\u00f3n, como fen\u00f3meno que se da a nivel mundial, y estamos trabajando en ello. A principio de a\u00f1o tuvimos alta tasa de desempleo, situaci\u00f3n que ya estamos solucionando, a la vez que los n\u00fameros de nuestra econom\u00eda est\u00e1n mejorando este a\u00f1o. Esperamos que a fin de a\u00f1o tengamos una buena perspectiva econ\u00f3mica, despu\u00e9s de la pandemia\u201d.<\/p>\n<p>Para finalizar, el consejero expres\u00f3 que \u201cpara nosotros San Juan es un territorio hermano, nos entendemos como un territorio com\u00fan, por eso queremos promover nuestra regi\u00f3n a trav\u00e9s de la integraci\u00f3n de ambos pueblos\u201d.<\/p>\n<p><iframe loading=\"lazy\" title=\"Consejeros Regionales de Chile fueron recibidos por el Vicegobernador de la provincia\" width=\"800\" height=\"450\" src=\"https:\/\/www.youtube.com\/embed\/ndbamtnYDuU?feature=oembed\" frameborder=\"0\" allow=\"accelerometer; autoplay; clipboard-write; encrypted-media; gyroscope; picture-in-picture\" allowfullscreen><\/iframe><\/p>\n<p>&nbsp;<\/p>\n<\/div>\n<div class=\"clr\">Publicado el Mi\u00e9rcoles, 09 de Noviembre de 2022<\/div>\n","protected":false},"excerpt":{"rendered":"<p>El vicegobernador de San Juan, CPN Roberto Gattoni, recibi\u00f3 la visita de consejeros regionales de Coquimbo, Rep\u00fablica de Chile, para<\/p>\n","protected":false},"author":3,"featured_media":54282,"comment_status":"closed","ping_status":"closed","sticky":false,"template":"","format":"standard","meta":{"_acf_changed":false,"_seopress_robots_primary_cat":"none","_seopress_titles_title":"","_seopress_titles_desc":"","_seopress_robots_index":"","colormag_page_container_layout":"default_layout","colormag_page_sidebar_layout":"default_layout","footnotes":""},"categories":[1,7],"tags":[],"class_list":["post-54280","post","type-post","status-publish","format-standard","has-post-thumbnail","hentry","category-destacadas","category-videos"],"acf":[],"_links":{"self":[{"href":"https:\/\/vocesparalelas.com.ar\/sitio\/wp-json\/wp\/v2\/posts\/54280","targetHints":{"allow":["GET"]}}],"collection":[{"href":"https:\/\/vocesparalelas.com.ar\/sitio\/wp-json\/wp\/v2\/posts"}],"about":[{"href":"https:\/\/vocesparalelas.com.ar\/sitio\/wp-json\/wp\/v2\/types\/post"}],"author":[{"embeddable":true,"href":"https:\/\/vocesparalelas.com.ar\/sitio\/wp-json\/wp\/v2\/users\/3"}],"replies":[{"embeddable":true,"href":"https:\/\/vocesparalelas.com.ar\/sitio\/wp-json\/wp\/v2\/comments?post=54280"}],"version-history":[{"count":1,"href":"https:\/\/vocesparalelas.com.ar\/sitio\/wp-json\/wp\/v2\/posts\/54280\/revisions"}],"predecessor-version":[{"id":54283,"href":"https:\/\/vocesparalelas.com.ar\/sitio\/wp-json\/wp\/v2\/posts\/54280\/revisions\/54283"}],"wp:featuredmedia":[{"embeddable":true,"href":"https:\/\/vocesparalelas.com.ar\/sitio\/wp-json\/wp\/v2\/media\/54282"}],"wp:attachment":[{"href":"https:\/\/vocesparalelas.com.ar\/sitio\/wp-json\/wp\/v2\/media?parent=54280"}],"wp:term":[{"taxonomy":"category","embeddable":true,"href":"https:\/\/vocesparalelas.com.ar\/sitio\/wp-json\/wp\/v2\/categories?post=54280"},{"taxonomy":"post_tag","embeddable":true,"href":"https:\/\/vocesparalelas.com.ar\/sitio\/wp-json\/wp\/v2\/tags?post=54280"}],"curies":[{"name":"wp","href":"https:\/\/api.w.org\/{rel}","templated":true}]}}