{"id":54250,"date":"2022-11-09T12:35:55","date_gmt":"2022-11-09T15:35:55","guid":{"rendered":"https:\/\/vocesparalelas.com.ar\/sitio\/?p=54250"},"modified":"2022-11-09T23:57:15","modified_gmt":"2022-11-10T02:57:15","slug":"redtulum-ofrece-traslado-gratis-a-los-alumnos-que-participan-de-los-intercolegiales-de-san-juan","status":"publish","type":"post","link":"https:\/\/vocesparalelas.com.ar\/sitio\/redtulum-ofrece-traslado-gratis-a-los-alumnos-que-participan-de-los-intercolegiales-de-san-juan\/","title":{"rendered":"RedTulum ofrece traslado gratis a los alumnos que participan de los intercolegiales de San Juan"},"content":{"rendered":"<p>En Sala Huarpes del Ministerio de Gobierno de San Juan, el ministro Dr. Alberto Hensel, el secretario de Tr\u00e1nsito y Transporte, Ing. Jorge Armend\u00e1riz, el secretario de Estado de Deportes, Jorge Chica y el Presidente de la Asociaci\u00f3n de Transporte Automotor de Pasajeros &#8211; ATAP- Jos\u00e9 Cano firmaron el compromiso para el traslado sin cargo de los estudiantes de San Juan que participen en los Juegos Intercolegiales el\u00a0 16 y 18 de noviembre.<\/p>\n<p>El jefe de la cartera de Gobierno, Dr. Alberto Hensel, destac\u00f3 que esta es una acci\u00f3n simple, pero contundente. \u00abTienen que ver con la pol\u00edtica de desarrollo deportivo que ejecuta el gobernador U\u00f1ac\u00bb.<\/p>\n<p>El secretario de Estado de Deportes, Jorge Chica, destac\u00f3 el convenio y explic\u00f3 que ser\u00e1 muy positivo que \u00abExisten muchos lugares que son alejados y con esta acci\u00f3n los participantes estar\u00e1n en igualdad de oportunidades para poder trasladarse a los centros donde se realizar\u00e1 los Intercolegiales 2022\u00bb<\/p>\n<p>El acuerdo apunta a garantizar que ni\u00f1os y j\u00f3venes puedan trasladarse sin costo hacia los lugares donde se realiza el evento y, concluido el mismo, tambi\u00e9n el traslado a su hogar.<\/p>\n<p>Para identificarse los estudiantes que participen en el evento deportivo, unos 3500 deportistas, contar\u00e1n con una pulsera identificatoria con la que podr\u00e1n viajar sin cargo ida y vuelta. Las unidades de transporte, el 16 y el 18, estar\u00e1n disponibles a partir de las 7:00 y hasta una vez finalizada la actividad.<\/p>\n<p>Para llevar adelante este compromiso, el ministerio de Gobierno, a trav\u00e9s de su Secretar\u00eda de Tr\u00e1nsito y Transporte, asumir\u00e1 el costo del servicio gratuito con una inversi\u00f3n de $1.920.000,00; mientras que la secretar\u00eda de Estado de Deportes, llevar\u00e1 adelante la log\u00edstica y el desarrollo general del evento.<\/p>\n<p>Publicado el Mi\u00e9rcoles, 09 de Noviembre de 2022<\/p>\n<p>&nbsp;<\/p>\n","protected":false},"excerpt":{"rendered":"<p>En Sala Huarpes del Ministerio de Gobierno de San Juan, el ministro Dr. Alberto Hensel, el secretario de Tr\u00e1nsito y<\/p>\n","protected":false},"author":3,"featured_media":54252,"comment_status":"closed","ping_status":"closed","sticky":false,"template":"","format":"standard","meta":{"_acf_changed":false,"_seopress_robots_primary_cat":"none","_seopress_titles_title":"","_seopress_titles_desc":"","_seopress_robots_index":"","colormag_page_container_layout":"default_layout","colormag_page_sidebar_layout":"default_layout","footnotes":""},"categories":[5],"tags":[],"class_list":["post-54250","post","type-post","status-publish","format-standard","has-post-thumbnail","hentry","category-ofrecimientos"],"acf":[],"_links":{"self":[{"href":"https:\/\/vocesparalelas.com.ar\/sitio\/wp-json\/wp\/v2\/posts\/54250","targetHints":{"allow":["GET"]}}],"collection":[{"href":"https:\/\/vocesparalelas.com.ar\/sitio\/wp-json\/wp\/v2\/posts"}],"about":[{"href":"https:\/\/vocesparalelas.com.ar\/sitio\/wp-json\/wp\/v2\/types\/post"}],"author":[{"embeddable":true,"href":"https:\/\/vocesparalelas.com.ar\/sitio\/wp-json\/wp\/v2\/users\/3"}],"replies":[{"embeddable":true,"href":"https:\/\/vocesparalelas.com.ar\/sitio\/wp-json\/wp\/v2\/comments?post=54250"}],"version-history":[{"count":1,"href":"https:\/\/vocesparalelas.com.ar\/sitio\/wp-json\/wp\/v2\/posts\/54250\/revisions"}],"predecessor-version":[{"id":54253,"href":"https:\/\/vocesparalelas.com.ar\/sitio\/wp-json\/wp\/v2\/posts\/54250\/revisions\/54253"}],"wp:featuredmedia":[{"embeddable":true,"href":"https:\/\/vocesparalelas.com.ar\/sitio\/wp-json\/wp\/v2\/media\/54252"}],"wp:attachment":[{"href":"https:\/\/vocesparalelas.com.ar\/sitio\/wp-json\/wp\/v2\/media?parent=54250"}],"wp:term":[{"taxonomy":"category","embeddable":true,"href":"https:\/\/vocesparalelas.com.ar\/sitio\/wp-json\/wp\/v2\/categories?post=54250"},{"taxonomy":"post_tag","embeddable":true,"href":"https:\/\/vocesparalelas.com.ar\/sitio\/wp-json\/wp\/v2\/tags?post=54250"}],"curies":[{"name":"wp","href":"https:\/\/api.w.org\/{rel}","templated":true}]}}